{"id":9891,"date":"2019-04-23T15:41:08","date_gmt":"2019-04-23T15:41:08","guid":{"rendered":"http:\/\/www.claude-arnaud.com\/fr\/?p=9891"},"modified":"2019-07-15T22:21:59","modified_gmt":"2019-07-15T22:21:59","slug":"claude-arnaud-au-printemps-proustien","status":"publish","type":"post","link":"https:\/\/www.claude-arnaud.com\/fr\/archives\/9891","title":{"rendered":"CLAUDE ARNAUD AU PRINTEMPS PROUSTIEN"},"content":{"rendered":"<p><strong><a href=\"http:\/\/www.claude-arnaud.com\/fr\/wp-content\/uploads\/2019\/04\/Unknown.jpeg\"><img loading=\"lazy\" decoding=\"async\" class=\"alignleft size-medium wp-image-9892\" title=\"Unknown\" src=\"http:\/\/www.claude-arnaud.com\/fr\/wp-content\/uploads\/2019\/04\/Unknown-300x120.jpeg\" alt=\"\" width=\"300\" height=\"120\" srcset=\"https:\/\/www.claude-arnaud.com\/fr\/wp-content\/uploads\/2019\/04\/Unknown-300x120.jpeg 300w, https:\/\/www.claude-arnaud.com\/fr\/wp-content\/uploads\/2019\/04\/Unknown.jpeg 604w\" sizes=\"auto, (max-width: 300px) 100vw, 300px\" \/><\/a>Le week-end du 18 et 19 mai 2019,<\/strong> <strong><span style=\"color: #008000;\">CLAUDE ARNAUD<\/span><\/strong> sera un des invit\u00e9s du<strong><em> PRINTEMPS <a href=\"http:\/\/www.claude-arnaud.com\/fr\/wp-content\/uploads\/2018\/09\/largeportrait_8c470694.jpg\"><img loading=\"lazy\" decoding=\"async\" class=\"alignright size-full wp-image-9356\" title=\"largeportrait_8c470694\" src=\"http:\/\/www.claude-arnaud.com\/fr\/wp-content\/uploads\/2018\/09\/largeportrait_8c470694.jpg\" alt=\"\" width=\"150\" height=\"150\" srcset=\"https:\/\/www.claude-arnaud.com\/fr\/wp-content\/uploads\/2018\/09\/largeportrait_8c470694.jpg 150w, https:\/\/www.claude-arnaud.com\/fr\/wp-content\/uploads\/2018\/09\/largeportrait_8c470694-48x48.jpg 48w\" sizes=\"auto, (max-width: 150px) 100vw, 150px\" \/><\/a>PROUSTIEN<\/em><\/strong> de CHARTRES, un salon du livre devant c\u00e9l\u00e9brer le centenaire du prix Goncourt d\u00e9cern\u00e9 \u00e0 <span style=\"color: #008000;\">PROUST<\/span>.<\/p>\n<p><span style=\"color: #008000;\"><strong>Le dimanche 19 mai, de\u00a014h-15h<\/strong><\/span>, \u00e0 la Coll\u00e9giale Saint-Andr\u00e9 de <strong>CHARTRES<\/strong> (sc\u00e8ne Bathilde), il participera \u00e0 une table ronde avec <strong>Luc FRAISSE<\/strong> (Pr\u00e9sident du Printemps Proustien et co-auteur de <em>Marcel Proust et Reynaldo Hahn. Une cr\u00e9ation \u00e0 quatre mains<\/em>, Classiques Garnier, \u00ab\u00a0Biblioth\u00e8que proustienne\u00a0\u00bb, 2018) et <span style=\"color: #008000;\"><strong>Michel ERMAN<\/strong><\/span> (auteur de <strong><em>Marcel Proust, une biographie<\/em> <\/strong>La Table ronde, collection Vermillon, 2018) consacr\u00e9e \u00e0 <strong>Proust et ses contemporains. <\/strong><\/p>\n<p>Puis, \u00e0 partir de 15 heures, il signera son <strong><em><span style=\"color: #008000;\">Proust contre Cocteau<\/span><\/em><\/strong>, un essai que vient de republier les \u00e9ditions Arl\u00e9a en format de poche, apr\u00e8s \u00eatre sorti chez Grasset en 2013. Pour d\u00e9couvrir le programme complet de ce <a href=\"http:\/\/www.claude-arnaud.com\/fr\/wp-content\/uploads\/2019\/04\/Printemps-Proustien-Dossier-de-presse.pdf\">Printemps Proustien <\/a>&#8230;<span style=\"font-family: Calibri, Verdana, Helvetica, Arial;\"><span style=\"font-size: large;\"><br \/>\n<\/span><\/span><\/p>\n","protected":false},"excerpt":{"rendered":"<p>Le week-end du 18 et 19 mai 2019, CLAUDE ARNAUD sera un des invit\u00e9s du PRINTEMPS PROUSTIEN de CHARTRES, un salon du livre devant c\u00e9l\u00e9brer le centenaire du prix Goncourt d\u00e9cern\u00e9 \u00e0 PROUST. Le dimanche 19 mai, de\u00a014h-15h, \u00e0 la Coll\u00e9giale Saint-Andr\u00e9 de CHARTRES (sc\u00e8ne Bathilde), il participera \u00e0 une table ronde avec Luc FRAISSE [&hellip;]<\/p>\n","protected":false},"author":2,"featured_media":0,"comment_status":"open","ping_status":"open","sticky":false,"template":"","format":"standard","meta":{"footnotes":""},"categories":[6],"tags":[],"class_list":["post-9891","post","type-post","status-publish","format-standard","hentry","category-evenements","count-0","even alt","author-claude-arnaud","last"],"post_mailing_queue_ids":[],"_links":{"self":[{"href":"https:\/\/www.claude-arnaud.com\/fr\/wp-json\/wp\/v2\/posts\/9891","targetHints":{"allow":["GET"]}}],"collection":[{"href":"https:\/\/www.claude-arnaud.com\/fr\/wp-json\/wp\/v2\/posts"}],"about":[{"href":"https:\/\/www.claude-arnaud.com\/fr\/wp-json\/wp\/v2\/types\/post"}],"author":[{"embeddable":true,"href":"https:\/\/www.claude-arnaud.com\/fr\/wp-json\/wp\/v2\/users\/2"}],"replies":[{"embeddable":true,"href":"https:\/\/www.claude-arnaud.com\/fr\/wp-json\/wp\/v2\/comments?post=9891"}],"version-history":[{"count":8,"href":"https:\/\/www.claude-arnaud.com\/fr\/wp-json\/wp\/v2\/posts\/9891\/revisions"}],"predecessor-version":[{"id":9958,"href":"https:\/\/www.claude-arnaud.com\/fr\/wp-json\/wp\/v2\/posts\/9891\/revisions\/9958"}],"wp:attachment":[{"href":"https:\/\/www.claude-arnaud.com\/fr\/wp-json\/wp\/v2\/media?parent=9891"}],"wp:term":[{"taxonomy":"category","embeddable":true,"href":"https:\/\/www.claude-arnaud.com\/fr\/wp-json\/wp\/v2\/categories?post=9891"},{"taxonomy":"post_tag","embeddable":true,"href":"https:\/\/www.claude-arnaud.com\/fr\/wp-json\/wp\/v2\/tags?post=9891"}],"curies":[{"name":"wp","href":"https:\/\/api.w.org\/{rel}","templated":true}]}}