{"id":9702,"date":"2019-03-04T12:04:59","date_gmt":"2019-03-04T12:04:59","guid":{"rendered":"http:\/\/www.claude-arnaud.com\/fr\/?p=9702"},"modified":"2021-01-28T13:47:23","modified_gmt":"2021-01-28T12:47:23","slug":"proust-contre-cocteau-vu-par-erwan-desplanques-dans-sud-ouest","status":"publish","type":"post","link":"https:\/\/www.claude-arnaud.com\/fr\/archives\/9702","title":{"rendered":"\u00ab\u00a0Proust contre Cocteau\u00a0\u00bb vu par Erwan DESPLANQUES dans SUD-OUEST"},"content":{"rendered":"<div title=\"Page 1\">\n<p><a href=\"http:\/\/www.claude-arnaud.com\/fr\/wp-content\/uploads\/2017\/10\/logo-sud-ouest-300x270.jpg\"><img loading=\"lazy\" decoding=\"async\" class=\"alignleft  wp-image-8504\" title=\"logo-sud-ouest-300x270\" src=\"http:\/\/www.claude-arnaud.com\/fr\/wp-content\/uploads\/2017\/10\/logo-sud-ouest-300x270.jpg\" alt=\"\" width=\"180\" height=\"162\" \/><\/a>Dans la rubrique \u00ab\u00a0C&rsquo;est en poche\u00a0\u00bb publi\u00e9 dans le <em><strong>SUD-OUEST<\/strong><\/em> du 3 mars 2019, dans un article intitul\u00e9 \u00ab\u00a0Les amiti\u00e9s<a href=\"http:\/\/www.claude-arnaud.com\/fr\/wp-content\/uploads\/2018\/12\/livreon1076-03476.jpg\"><img loading=\"lazy\" decoding=\"async\" class=\"alignleft size-medium wp-image-9490\" title=\"livreon1076-03476\" src=\"http:\/\/www.claude-arnaud.com\/fr\/wp-content\/uploads\/2018\/12\/livreon1076-03476-183x300.jpg\" alt=\"\" width=\"183\" height=\"300\" srcset=\"https:\/\/www.claude-arnaud.com\/fr\/wp-content\/uploads\/2018\/12\/livreon1076-03476-183x300.jpg 183w, https:\/\/www.claude-arnaud.com\/fr\/wp-content\/uploads\/2018\/12\/livreon1076-03476.jpg 245w\" sizes=\"auto, (max-width: 183px) 100vw, 183px\" \/><\/a> mal\u00e9fiques\u00a0\u00bb, <span style=\"color: #008000;\"><strong>Erwan DESPLANQUES<\/strong> <\/span>\u00e9crit: \u00ab\u00a0\u00c0 vingt ans d\u2019intervalle, <strong>PROUST<\/strong> et <strong><span style=\"color: #008000;\">COCTEAU<\/span><\/strong> ont \u00e9tudi\u00e9 au lyc\u00e9e Condorcet, ont couru les bals puis les honneurs ; ce sont deux mondains &#8211; l\u2019un triste, l\u2019autre joyeux-deux \u00ab miroirs jumeaux \u00bb (dixit <strong>PROUST<\/strong>) dont les reflets vont se distordre au fur et \u00e0 mesure de leur ascension dans le monde\u00a0des lettres. \u00ab Peu d\u2019\u00e9crivains se sont autant aim\u00e9s, envi\u00e9s, jalous\u00e9s \u00bb, \u00e9crit <strong><span style=\"color: #008000;\">Claude ARNAUD<\/span><\/strong> <strong>dans ce livre magnifique qui, au-del\u00e0 du portrait crois\u00e9, sonde l\u2019\u00e9nigme du geste cr\u00e9ateur.<\/strong>\u00a0\u00bb<\/p>\n<p><a href=\"https:\/\/archives.sudouest.fr\/search\/?query=Proust%20contre%20Cocteau\" target=\"_blank\" rel=\"noopener\">Pour lire cet article in extenso<\/a>&#8230;<\/p>\n<\/div>\n","protected":false},"excerpt":{"rendered":"<p>Dans la rubrique \u00ab\u00a0C&rsquo;est en poche\u00a0\u00bb publi\u00e9 dans le SUD-OUEST du 3 mars 2019, dans un article intitul\u00e9 \u00ab\u00a0Les amiti\u00e9s mal\u00e9fiques\u00a0\u00bb, Erwan DESPLANQUES \u00e9crit: \u00ab\u00a0\u00c0 vingt ans d\u2019intervalle, PROUST et COCTEAU ont \u00e9tudi\u00e9 au lyc\u00e9e Condorcet, ont couru les bals puis les honneurs ; ce sont deux mondains &#8211; l\u2019un triste, l\u2019autre joyeux-deux \u00ab miroirs [&hellip;]<\/p>\n","protected":false},"author":2,"featured_media":0,"comment_status":"open","ping_status":"open","sticky":false,"template":"","format":"standard","meta":{"footnotes":""},"categories":[4],"tags":[],"class_list":["post-9702","post","type-post","status-publish","format-standard","hentry","category-articles","count-0","even alt","author-claude-arnaud","last"],"post_mailing_queue_ids":[],"_links":{"self":[{"href":"https:\/\/www.claude-arnaud.com\/fr\/wp-json\/wp\/v2\/posts\/9702","targetHints":{"allow":["GET"]}}],"collection":[{"href":"https:\/\/www.claude-arnaud.com\/fr\/wp-json\/wp\/v2\/posts"}],"about":[{"href":"https:\/\/www.claude-arnaud.com\/fr\/wp-json\/wp\/v2\/types\/post"}],"author":[{"embeddable":true,"href":"https:\/\/www.claude-arnaud.com\/fr\/wp-json\/wp\/v2\/users\/2"}],"replies":[{"embeddable":true,"href":"https:\/\/www.claude-arnaud.com\/fr\/wp-json\/wp\/v2\/comments?post=9702"}],"version-history":[{"count":4,"href":"https:\/\/www.claude-arnaud.com\/fr\/wp-json\/wp\/v2\/posts\/9702\/revisions"}],"predecessor-version":[{"id":11540,"href":"https:\/\/www.claude-arnaud.com\/fr\/wp-json\/wp\/v2\/posts\/9702\/revisions\/11540"}],"wp:attachment":[{"href":"https:\/\/www.claude-arnaud.com\/fr\/wp-json\/wp\/v2\/media?parent=9702"}],"wp:term":[{"taxonomy":"category","embeddable":true,"href":"https:\/\/www.claude-arnaud.com\/fr\/wp-json\/wp\/v2\/categories?post=9702"},{"taxonomy":"post_tag","embeddable":true,"href":"https:\/\/www.claude-arnaud.com\/fr\/wp-json\/wp\/v2\/tags?post=9702"}],"curies":[{"name":"wp","href":"https:\/\/api.w.org\/{rel}","templated":true}]}}