{"id":9567,"date":"2019-01-24T15:18:50","date_gmt":"2019-01-24T15:18:50","guid":{"rendered":"http:\/\/www.claude-arnaud.com\/fr\/?p=9567"},"modified":"2019-01-28T22:52:37","modified_gmt":"2019-01-28T22:52:37","slug":"claude-arnaud-anime-un-atelier-decriture-2","status":"publish","type":"post","link":"https:\/\/www.claude-arnaud.com\/fr\/archives\/9567","title":{"rendered":"CLAUDE ARNAUD anime un atelier d&rsquo;\u00e9criture&#8230;"},"content":{"rendered":"<p><a href=\"http:\/\/www.claude-arnaud.com\/fr\/wp-content\/uploads\/2018\/09\/largeportrait_8c470694.jpg\"><img loading=\"lazy\" decoding=\"async\" class=\"alignleft size-full wp-image-9356\" title=\"largeportrait_8c470694\" src=\"http:\/\/www.claude-arnaud.com\/fr\/wp-content\/uploads\/2018\/09\/largeportrait_8c470694.jpg\" alt=\"\" width=\"150\" height=\"150\" srcset=\"https:\/\/www.claude-arnaud.com\/fr\/wp-content\/uploads\/2018\/09\/largeportrait_8c470694.jpg 150w, https:\/\/www.claude-arnaud.com\/fr\/wp-content\/uploads\/2018\/09\/largeportrait_8c470694-48x48.jpg 48w\" sizes=\"auto, (max-width: 150px) 100vw, 150px\" \/><\/a>Du <strong><span style=\"color: #008000;\">mardi<\/span> 29 janvier au mardi <span style=\"color: #008000;\">2 avril<\/span><\/strong><span style=\"color: #008000;\"> <strong>2019<\/strong><\/span>, durant huit s\u00e9ances et de 12h \u00e0 14h \u00e0 chaque fois, <span style=\"color: #008000;\"><strong>Claude ARNAUD<\/strong><\/span> animera un atelier <strong>ouvert \u00e0 tous<\/strong>, <strong><span style=\"color: #008000;\">consacr\u00e9 \u00e0 l&rsquo;\u00e9criture d&rsquo;un portrait<\/span>,<\/strong> au si\u00e8ge de l&rsquo;\u00e9cole d&rsquo;\u00e9criture Les Mots, <strong>4 rue Dante, \u00e0 Paris (75005), m\u00e9tro <span style=\"color: #008000;\">Saint-Michel<\/span> ou Maubert-Mutualit\u00e9.<\/strong><\/p>\n<p><strong>I<strong>l s\u2019agira d\u2019apprendre \u00e0 <span style=\"color: #008000;\">esquisser<\/span> puis \u00e0 construire le portrait d\u2019un \u00eatre vivant, ou mort<\/strong>, de le (la) <span style=\"color: #008000;\">d\u00e9crire<\/span>, \u00e0 la fois <span style=\"color: #008000;\">physiquement<\/span> et <span style=\"color: #008000;\">moralement<\/span>, <strong>en usant des seuls mots,<\/strong> <span style=\"color: #008000;\">jusqu\u2019\u00e0 conf\u00e9rer \u00e0 ce mod\u00e8le <\/span><strong><span style=\"color: #008000;\">une existence propre,<\/span> une singularit\u00e9 et une intimit\u00e9 qui la rendent <span style=\"color: #008000;\">reconnaissables<\/span> \u00e0 d\u2019autres<\/strong>, m\u00eame \u00e0 ceux qui ne le (la) conna\u00eetraient pas.<\/strong><\/p>\n<p>Pour en savoir plus <a title=\"les mots\" href=\"https:\/\/lesmots.co\/atelier\/ecrire-un-portrait-c489c99d-4a7c-4dfd-a283-a2ac42d7a234\" target=\"_blank\">sur cet atelier<\/a>&#8230;<\/p>\n","protected":false},"excerpt":{"rendered":"<p>Du mardi 29 janvier au mardi 2 avril 2019, durant huit s\u00e9ances et de 12h \u00e0 14h \u00e0 chaque fois, Claude ARNAUD animera un atelier ouvert \u00e0 tous, consacr\u00e9 \u00e0 l&rsquo;\u00e9criture d&rsquo;un portrait, au si\u00e8ge de l&rsquo;\u00e9cole d&rsquo;\u00e9criture Les Mots, 4 rue Dante, \u00e0 Paris (75005), m\u00e9tro Saint-Michel ou Maubert-Mutualit\u00e9. Il s\u2019agira d\u2019apprendre \u00e0 esquisser [&hellip;]<\/p>\n","protected":false},"author":2,"featured_media":0,"comment_status":"open","ping_status":"open","sticky":false,"template":"","format":"standard","meta":{"footnotes":""},"categories":[5],"tags":[],"class_list":["post-9567","post","type-post","status-publish","format-standard","hentry","category-rencontres","count-0","even alt","author-claude-arnaud","last"],"post_mailing_queue_ids":[],"_links":{"self":[{"href":"https:\/\/www.claude-arnaud.com\/fr\/wp-json\/wp\/v2\/posts\/9567","targetHints":{"allow":["GET"]}}],"collection":[{"href":"https:\/\/www.claude-arnaud.com\/fr\/wp-json\/wp\/v2\/posts"}],"about":[{"href":"https:\/\/www.claude-arnaud.com\/fr\/wp-json\/wp\/v2\/types\/post"}],"author":[{"embeddable":true,"href":"https:\/\/www.claude-arnaud.com\/fr\/wp-json\/wp\/v2\/users\/2"}],"replies":[{"embeddable":true,"href":"https:\/\/www.claude-arnaud.com\/fr\/wp-json\/wp\/v2\/comments?post=9567"}],"version-history":[{"count":7,"href":"https:\/\/www.claude-arnaud.com\/fr\/wp-json\/wp\/v2\/posts\/9567\/revisions"}],"predecessor-version":[{"id":9614,"href":"https:\/\/www.claude-arnaud.com\/fr\/wp-json\/wp\/v2\/posts\/9567\/revisions\/9614"}],"wp:attachment":[{"href":"https:\/\/www.claude-arnaud.com\/fr\/wp-json\/wp\/v2\/media?parent=9567"}],"wp:term":[{"taxonomy":"category","embeddable":true,"href":"https:\/\/www.claude-arnaud.com\/fr\/wp-json\/wp\/v2\/categories?post=9567"},{"taxonomy":"post_tag","embeddable":true,"href":"https:\/\/www.claude-arnaud.com\/fr\/wp-json\/wp\/v2\/tags?post=9567"}],"curies":[{"name":"wp","href":"https:\/\/api.w.org\/{rel}","templated":true}]}}