{"id":9439,"date":"2018-10-26T11:30:37","date_gmt":"2018-10-26T11:30:37","guid":{"rendered":"http:\/\/www.claude-arnaud.com\/fr\/?p=9439"},"modified":"2019-12-14T10:18:58","modified_gmt":"2019-12-14T10:18:58","slug":"pour-celebrer-pierre-guyotat","status":"publish","type":"post","link":"https:\/\/www.claude-arnaud.com\/fr\/archives\/9439","title":{"rendered":"Pour c\u00e9l\u00e9brer Pierre GUYOTAT"},"content":{"rendered":"<p><a href=\"http:\/\/www.claude-arnaud.com\/fr\/wp-content\/uploads\/2018\/10\/images.jpg\"><img loading=\"lazy\" decoding=\"async\" class=\"alignleft  wp-image-9442\" title=\"images\" src=\"http:\/\/www.claude-arnaud.com\/fr\/wp-content\/uploads\/2018\/10\/images.jpg\" alt=\"\" width=\"214\" height=\"150\" \/><\/a>Le 23 octobre 2018, <em><strong>LE POINT<\/strong><\/em> a publi\u00e9, dans son num\u00e9ro 2408, un article de <span style=\"color: #008000;\"><strong>Claude ARNAUD<\/strong><\/span> rendant compte du dernier livre de Pierre GUYOTAT, <em>Idiotie<\/em>, parut chez Grasset. Intitul\u00e9 \u00ab\u00a0Guyotat, le poss\u00e9d\u00e9\u00a0\u00bb, ce texte revient sur le parcours hors-norme d&rsquo;un homme enti\u00e8rement vou\u00e9 \u00e0 l&rsquo;\u00e9criture, \u00e0 qui le jury du prix Femina a d\u00e9cern\u00e9 un prix sp\u00e9cial pour l&rsquo;ensemble de son oeuvre, le 5 novembre, et qui a re\u00e7u, le jour suivant, le prix M\u00e9dicis..<\/p>\n<p><a href=\"http:\/\/www.claude-arnaud.com\/fr\/wp-content\/uploads\/2009\/01\/images-6.jpg\"><img loading=\"lazy\" decoding=\"async\" class=\"alignleft size-full wp-image-1705\" title=\"images-6\" src=\"http:\/\/www.claude-arnaud.com\/fr\/wp-content\/uploads\/2009\/01\/images-6.jpg\" alt=\"\" width=\"140\" height=\"40\" \/><\/a><\/p>\n<p>Pour lire cet article tel qu&rsquo;il a \u00e9t\u00e9 publi\u00e9 dans le magazine<a href=\"http:\/\/www.claude-arnaud.com\/fr\/wp-content\/uploads\/2018\/10\/Guyotat1.pdf\"> \u00e0 la sortie du livre de Guyotat<\/a>.<\/p>\n<p><a title=\"le point\" href=\"https:\/\/www.lepoint.fr\/culture\/litterature-pierre-guyotat-le-possede-22-10-2018-2264807_3.php\" target=\"_blank\">Pour le lire sur le site web du Point, qui en a publi\u00e9 une autre version, plus longue<\/a>&#8230;<\/p>\n","protected":false},"excerpt":{"rendered":"<p>Le 23 octobre 2018, LE POINT a publi\u00e9, dans son num\u00e9ro 2408, un article de Claude ARNAUD rendant compte du dernier livre de Pierre GUYOTAT, Idiotie, parut chez Grasset. Intitul\u00e9 \u00ab\u00a0Guyotat, le poss\u00e9d\u00e9\u00a0\u00bb, ce texte revient sur le parcours hors-norme d&rsquo;un homme enti\u00e8rement vou\u00e9 \u00e0 l&rsquo;\u00e9criture, \u00e0 qui le jury du prix Femina a d\u00e9cern\u00e9 [&hellip;]<\/p>\n","protected":false},"author":2,"featured_media":0,"comment_status":"open","ping_status":"open","sticky":false,"template":"","format":"standard","meta":{"footnotes":""},"categories":[6],"tags":[],"class_list":["post-9439","post","type-post","status-publish","format-standard","hentry","category-evenements","count-0","even alt","author-claude-arnaud","last"],"post_mailing_queue_ids":[],"_links":{"self":[{"href":"https:\/\/www.claude-arnaud.com\/fr\/wp-json\/wp\/v2\/posts\/9439","targetHints":{"allow":["GET"]}}],"collection":[{"href":"https:\/\/www.claude-arnaud.com\/fr\/wp-json\/wp\/v2\/posts"}],"about":[{"href":"https:\/\/www.claude-arnaud.com\/fr\/wp-json\/wp\/v2\/types\/post"}],"author":[{"embeddable":true,"href":"https:\/\/www.claude-arnaud.com\/fr\/wp-json\/wp\/v2\/users\/2"}],"replies":[{"embeddable":true,"href":"https:\/\/www.claude-arnaud.com\/fr\/wp-json\/wp\/v2\/comments?post=9439"}],"version-history":[{"count":12,"href":"https:\/\/www.claude-arnaud.com\/fr\/wp-json\/wp\/v2\/posts\/9439\/revisions"}],"predecessor-version":[{"id":10176,"href":"https:\/\/www.claude-arnaud.com\/fr\/wp-json\/wp\/v2\/posts\/9439\/revisions\/10176"}],"wp:attachment":[{"href":"https:\/\/www.claude-arnaud.com\/fr\/wp-json\/wp\/v2\/media?parent=9439"}],"wp:term":[{"taxonomy":"category","embeddable":true,"href":"https:\/\/www.claude-arnaud.com\/fr\/wp-json\/wp\/v2\/categories?post=9439"},{"taxonomy":"post_tag","embeddable":true,"href":"https:\/\/www.claude-arnaud.com\/fr\/wp-json\/wp\/v2\/tags?post=9439"}],"curies":[{"name":"wp","href":"https:\/\/api.w.org\/{rel}","templated":true}]}}