{"id":9355,"date":"2018-10-11T14:29:19","date_gmt":"2018-10-11T14:29:19","guid":{"rendered":"http:\/\/www.claude-arnaud.com\/fr\/?p=9355"},"modified":"2019-12-14T10:13:48","modified_gmt":"2019-12-14T10:13:48","slug":"claude-arnaud-anime-un-atelier-decriture","status":"publish","type":"post","link":"https:\/\/www.claude-arnaud.com\/fr\/archives\/9355","title":{"rendered":"Claude ARNAUD anime un atelier d&rsquo;\u00e9criture&#8230;"},"content":{"rendered":"<p><a href=\"http:\/\/www.claude-arnaud.com\/fr\/wp-content\/uploads\/2018\/09\/largeportrait_8c470694.jpg\"><img loading=\"lazy\" decoding=\"async\" class=\"alignleft size-full wp-image-9356\" title=\"largeportrait_8c470694\" src=\"http:\/\/www.claude-arnaud.com\/fr\/wp-content\/uploads\/2018\/09\/largeportrait_8c470694.jpg\" alt=\"\" width=\"150\" height=\"150\" srcset=\"https:\/\/www.claude-arnaud.com\/fr\/wp-content\/uploads\/2018\/09\/largeportrait_8c470694.jpg 150w, https:\/\/www.claude-arnaud.com\/fr\/wp-content\/uploads\/2018\/09\/largeportrait_8c470694-48x48.jpg 48w\" sizes=\"auto, (max-width: 150px) 100vw, 150px\" \/><\/a><strong>A partir du 26 septembre 2018<\/strong>, et jusqu&rsquo;au <strong><span style=\"color: #008000;\">12 d\u00e9cembre de la m\u00eame ann\u00e9e<\/span><\/strong>, tous les mercredi, de 12 \u00e0 14 heures, <strong><span style=\"color: #008000;\">Claude ARNAUD<\/span><\/strong> animera un atelier d&rsquo;\u00e9criture aupr\u00e8s de l&rsquo;Ecole d&rsquo;\u00e9criture Les Mots, 4 rue DANTE \u00e0 Paris, dans le 5\u00b0 arrondissement (M\u00e9tro Saint-Michel ou Maubert-Mutualit\u00e9) &#8211; un atelier ouvert \u00e0 tous.<\/p>\n<p>I<strong>l s&rsquo;agira d&rsquo;apprendre \u00e0 esquisser puis \u00e0 construire le <span style=\"color: #008000;\">portrait<\/span> d&rsquo;un \u00eatre vivant, ou mort<\/strong>, de le (la) d\u00e9crire, \u00e0 la fois physiquement et moralement, <strong>en usant des seuls mots,<\/strong> jusqu&rsquo;\u00e0 conf\u00e9rer \u00e0 ce mod\u00e8le <strong><span style=\"color: #008000;\">une existence propre, une singularit\u00e9 et une intimit\u00e9 qui la rendent reconnaissables \u00e0 d&rsquo;autres<\/span><\/strong>, m\u00eame \u00e0 ceux qui ne le (la) conna\u00eetraient pas.<\/p>\n<p><a title=\"Les mots\" href=\"https:\/\/lesmots.co\/atelier\/ecrire-un-portrait-9d6d9a74-9f5e-4bb1-99c7-a148227cf65a\" target=\"_blank\">Pour en savoir plus sur le d\u00e9roulement de cet atelier<\/a>&#8230;<\/p>\n","protected":false},"excerpt":{"rendered":"<p>A partir du 26 septembre 2018, et jusqu&rsquo;au 12 d\u00e9cembre de la m\u00eame ann\u00e9e, tous les mercredi, de 12 \u00e0 14 heures, Claude ARNAUD animera un atelier d&rsquo;\u00e9criture aupr\u00e8s de l&rsquo;Ecole d&rsquo;\u00e9criture Les Mots, 4 rue DANTE \u00e0 Paris, dans le 5\u00b0 arrondissement (M\u00e9tro Saint-Michel ou Maubert-Mutualit\u00e9) &#8211; un atelier ouvert \u00e0 tous. Il s&rsquo;agira [&hellip;]<\/p>\n","protected":false},"author":2,"featured_media":0,"comment_status":"open","ping_status":"open","sticky":false,"template":"","format":"standard","meta":{"footnotes":""},"categories":[6],"tags":[],"class_list":["post-9355","post","type-post","status-publish","format-standard","hentry","category-evenements","count-0","even alt","author-claude-arnaud","last"],"post_mailing_queue_ids":[],"_links":{"self":[{"href":"https:\/\/www.claude-arnaud.com\/fr\/wp-json\/wp\/v2\/posts\/9355","targetHints":{"allow":["GET"]}}],"collection":[{"href":"https:\/\/www.claude-arnaud.com\/fr\/wp-json\/wp\/v2\/posts"}],"about":[{"href":"https:\/\/www.claude-arnaud.com\/fr\/wp-json\/wp\/v2\/types\/post"}],"author":[{"embeddable":true,"href":"https:\/\/www.claude-arnaud.com\/fr\/wp-json\/wp\/v2\/users\/2"}],"replies":[{"embeddable":true,"href":"https:\/\/www.claude-arnaud.com\/fr\/wp-json\/wp\/v2\/comments?post=9355"}],"version-history":[{"count":10,"href":"https:\/\/www.claude-arnaud.com\/fr\/wp-json\/wp\/v2\/posts\/9355\/revisions"}],"predecessor-version":[{"id":9359,"href":"https:\/\/www.claude-arnaud.com\/fr\/wp-json\/wp\/v2\/posts\/9355\/revisions\/9359"}],"wp:attachment":[{"href":"https:\/\/www.claude-arnaud.com\/fr\/wp-json\/wp\/v2\/media?parent=9355"}],"wp:term":[{"taxonomy":"category","embeddable":true,"href":"https:\/\/www.claude-arnaud.com\/fr\/wp-json\/wp\/v2\/categories?post=9355"},{"taxonomy":"post_tag","embeddable":true,"href":"https:\/\/www.claude-arnaud.com\/fr\/wp-json\/wp\/v2\/tags?post=9355"}],"curies":[{"name":"wp","href":"https:\/\/api.w.org\/{rel}","templated":true}]}}