{"id":9333,"date":"2018-09-01T06:15:08","date_gmt":"2018-09-01T06:15:08","guid":{"rendered":"http:\/\/www.claude-arnaud.com\/fr\/?p=9333"},"modified":"2021-03-03T15:47:21","modified_gmt":"2021-03-03T14:47:21","slug":"sur-la-rentree-litteraire","status":"publish","type":"post","link":"https:\/\/www.claude-arnaud.com\/fr\/archives\/9333","title":{"rendered":"Sur la rentree litteraire 2018&#8230;"},"content":{"rendered":"<p><a href=\"http:\/\/www.claude-arnaud.com\/fr\/wp-content\/uploads\/2018\/09\/16691796lpw-16698069-libre-jpg_5530514.jpg\"><img loading=\"lazy\" decoding=\"async\" class=\"alignleft  wp-image-9339\" title=\"16691796lpw-16698069-libre-jpg_5530514\" src=\"http:\/\/www.claude-arnaud.com\/fr\/wp-content\/uploads\/2018\/09\/16691796lpw-16698069-libre-jpg_5530514-269x300.jpg\" alt=\"\" width=\"185\" height=\"209\" \/><\/a>Dans son num\u00e9ro 2400 dat\u00e9 du 30 aout 2018, <strong>LE POINT<\/strong> a publi\u00e9 un article de <span style=\"color: #008000;\"><strong>CLAUDE ARNAUD<\/strong> <\/span>sur <em><strong>A son image<\/strong><\/em>, l&rsquo;excellent roman de <span style=\"color: #008000;\"><strong>Jer\u00f4me FERRARI<\/strong> <\/span>(<a href=\"http:\/\/www.claude-arnaud.com\/fr\/wp-content\/uploads\/2018\/09\/16688814lpw-16698039-libre-jpg_5529289.jpg\"><img loading=\"lazy\" decoding=\"async\" class=\"alignright  wp-image-9338\" title=\"16688814lpw-16698039-libre-jpg_5529289\" src=\"http:\/\/www.claude-arnaud.com\/fr\/wp-content\/uploads\/2018\/09\/16688814lpw-16698039-libre-jpg_5529289-229x300.jpg\" alt=\"\" width=\"160\" height=\"210\" srcset=\"https:\/\/www.claude-arnaud.com\/fr\/wp-content\/uploads\/2018\/09\/16688814lpw-16698039-libre-jpg_5529289-229x300.jpg 229w, https:\/\/www.claude-arnaud.com\/fr\/wp-content\/uploads\/2018\/09\/16688814lpw-16698039-libre-jpg_5529289.jpg 535w\" sizes=\"auto, (max-width: 160px) 100vw, 160px\" \/><\/a>ACTES SUD), qui vient d&rsquo;obtenir le prix du roman du journal <em>Le Monde<\/em>, ainsi que \u00a0le compte-rendu de sa rencontre \u00e0 LONDRES avec <strong><span style=\"color: #008000;\">Julian BARNES<\/span><\/strong>, \u00e0 l&rsquo;occasion de la traduction, au Mercure de France, du dernier roman de l&rsquo;\u00e9crivain anglais,<em><strong> La seule histoire<\/strong><\/em>, dans une traduction de Jean-Pierre Aoustin.<\/p>\n<p>Pour lire l&rsquo;article <a title=\"Le Point\" href=\"http:\/\/www.lepoint.fr\/culture\/rentree-litteraire-le-ferrari-de-la-rentree-02-09-2018-2247655_3.php\" target=\"_blank\" rel=\"noopener\">consacr\u00e9 \u00e0 J. Ferrari<\/a>&#8230; et sa <a href=\"http:\/\/www.claude-arnaud.com\/fr\/wp-content\/uploads\/2018\/09\/Ferrari.pdf\">version papier<\/a>&#8230;<\/p>\n<p><a title=\"Le Point\" href=\"http:\/\/www.lepoint.fr\/culture\/rentree-litteraire-julian-barnes-et-le-mystere-du-premier-amour-01-09-2018-2247505_3.php\" target=\"_blank\" rel=\"noopener\">Pour d\u00e9couvrir le portrait de Julian Barnes.<\/a>.. et sa version papier : <a href=\"http:\/\/www.claude-arnaud.com\/fr\/wp-content\/uploads\/2018\/09\/Barnes-page-1.pdf\">page 1<\/a>, <a href=\"http:\/\/www.claude-arnaud.com\/fr\/wp-content\/uploads\/2018\/09\/Barnes-page-3.pdf\">page 2<\/a><\/p>\n<p>(Photos: Jonathan Perugia\/Time Out\/Camerapress\/Gamma Rapho \u2013 sp + Jean Delmarty\/Opale\/Leemage)<\/p>\n","protected":false},"excerpt":{"rendered":"<p>Dans son num\u00e9ro 2400 dat\u00e9 du 30 aout 2018, LE POINT a publi\u00e9 un article de CLAUDE ARNAUD sur A son image, l&rsquo;excellent roman de Jer\u00f4me FERRARI (ACTES SUD), qui vient d&rsquo;obtenir le prix du roman du journal Le Monde, ainsi que \u00a0le compte-rendu de sa rencontre \u00e0 LONDRES avec Julian BARNES, \u00e0 l&rsquo;occasion de [&hellip;]<\/p>\n","protected":false},"author":2,"featured_media":0,"comment_status":"open","ping_status":"open","sticky":false,"template":"","format":"standard","meta":{"footnotes":""},"categories":[7],"tags":[],"class_list":["post-9333","post","type-post","status-publish","format-standard","hentry","category-affinites","count-0","even alt","author-claude-arnaud","last"],"post_mailing_queue_ids":[],"_links":{"self":[{"href":"https:\/\/www.claude-arnaud.com\/fr\/wp-json\/wp\/v2\/posts\/9333","targetHints":{"allow":["GET"]}}],"collection":[{"href":"https:\/\/www.claude-arnaud.com\/fr\/wp-json\/wp\/v2\/posts"}],"about":[{"href":"https:\/\/www.claude-arnaud.com\/fr\/wp-json\/wp\/v2\/types\/post"}],"author":[{"embeddable":true,"href":"https:\/\/www.claude-arnaud.com\/fr\/wp-json\/wp\/v2\/users\/2"}],"replies":[{"embeddable":true,"href":"https:\/\/www.claude-arnaud.com\/fr\/wp-json\/wp\/v2\/comments?post=9333"}],"version-history":[{"count":17,"href":"https:\/\/www.claude-arnaud.com\/fr\/wp-json\/wp\/v2\/posts\/9333\/revisions"}],"predecessor-version":[{"id":12843,"href":"https:\/\/www.claude-arnaud.com\/fr\/wp-json\/wp\/v2\/posts\/9333\/revisions\/12843"}],"wp:attachment":[{"href":"https:\/\/www.claude-arnaud.com\/fr\/wp-json\/wp\/v2\/media?parent=9333"}],"wp:term":[{"taxonomy":"category","embeddable":true,"href":"https:\/\/www.claude-arnaud.com\/fr\/wp-json\/wp\/v2\/categories?post=9333"},{"taxonomy":"post_tag","embeddable":true,"href":"https:\/\/www.claude-arnaud.com\/fr\/wp-json\/wp\/v2\/tags?post=9333"}],"curies":[{"name":"wp","href":"https:\/\/api.w.org\/{rel}","templated":true}]}}