{"id":933,"date":"2010-05-12T06:21:54","date_gmt":"2010-05-12T06:21:54","guid":{"rendered":"http:\/\/www.claude-arnaud.com\/fr\/?p=933"},"modified":"2010-09-08T12:29:11","modified_gmt":"2010-09-08T12:29:11","slug":"linda-le-laureate-de-la-bourse-cioran","status":"publish","type":"post","link":"https:\/\/www.claude-arnaud.com\/fr\/archives\/933","title":{"rendered":"Linda L\u00ca, laur\u00e9ate de la Bourse CIORAN"},"content":{"rendered":"<p><a href=\"http:\/\/www.claude-arnaud.com\/fr\/wp-content\/uploads\/2010\/05\/images2.jpg\"><img loading=\"lazy\" decoding=\"async\" class=\"size-full wp-image-934 alignleft\" title=\"images2\" src=\"http:\/\/www.claude-arnaud.com\/fr\/wp-content\/uploads\/2010\/05\/images2.jpg\" alt=\"images2\" width=\"86\" height=\"104\" \/><\/a>Le 23 mai 2010, le jury de <strong>la Bourse CIORAN<\/strong> (<span style=\"color: #008000;\"><strong>Claude ARNAUD<\/strong><\/span>, <strong>Jean-Fran\u00e7ois COLISIMO<\/strong>, <span style=\"color: #008000;\"><strong>C\u00e9cile GUILBERT<\/strong><\/span>, V<strong>erena von der HAYDEN-RYNSCH<\/strong>) a choisi d&rsquo;encourager <span style=\"color: #008000;\"><strong>LINDA L\u00ca<\/strong><\/span>, pour un essai sur les \u00e9crivains de l'\u00a0\u00bb\u00e9migration int\u00e9rieure ( <strong>TS\u00c9TA\u00cfEVA<\/strong>, <span style=\"color: #008000;\"><strong>CIORAN<\/strong><\/span> etc&#8230;)<\/p>\n","protected":false},"excerpt":{"rendered":"<p>Le 23 mai 2010, le jury de la Bourse CIORAN (Claude ARNAUD, Jean-Fran\u00e7ois COLISIMO, C\u00e9cile GUILBERT, Verena von der HAYDEN-RYNSCH) a choisi d&rsquo;encourager LINDA L\u00ca, pour un essai sur les \u00e9crivains de l&rsquo;\u00a0\u00bb\u00e9migration int\u00e9rieure ( TS\u00c9TA\u00cfEVA, CIORAN etc&#8230;)<\/p>\n","protected":false},"author":2,"featured_media":0,"comment_status":"open","ping_status":"open","sticky":false,"template":"","format":"standard","meta":{"footnotes":""},"categories":[6],"tags":[],"class_list":["post-933","post","type-post","status-publish","format-standard","hentry","category-evenements","count-0","even alt","author-claude-arnaud","last"],"post_mailing_queue_ids":[],"_links":{"self":[{"href":"https:\/\/www.claude-arnaud.com\/fr\/wp-json\/wp\/v2\/posts\/933","targetHints":{"allow":["GET"]}}],"collection":[{"href":"https:\/\/www.claude-arnaud.com\/fr\/wp-json\/wp\/v2\/posts"}],"about":[{"href":"https:\/\/www.claude-arnaud.com\/fr\/wp-json\/wp\/v2\/types\/post"}],"author":[{"embeddable":true,"href":"https:\/\/www.claude-arnaud.com\/fr\/wp-json\/wp\/v2\/users\/2"}],"replies":[{"embeddable":true,"href":"https:\/\/www.claude-arnaud.com\/fr\/wp-json\/wp\/v2\/comments?post=933"}],"version-history":[{"count":5,"href":"https:\/\/www.claude-arnaud.com\/fr\/wp-json\/wp\/v2\/posts\/933\/revisions"}],"predecessor-version":[{"id":1506,"href":"https:\/\/www.claude-arnaud.com\/fr\/wp-json\/wp\/v2\/posts\/933\/revisions\/1506"}],"wp:attachment":[{"href":"https:\/\/www.claude-arnaud.com\/fr\/wp-json\/wp\/v2\/media?parent=933"}],"wp:term":[{"taxonomy":"category","embeddable":true,"href":"https:\/\/www.claude-arnaud.com\/fr\/wp-json\/wp\/v2\/categories?post=933"},{"taxonomy":"post_tag","embeddable":true,"href":"https:\/\/www.claude-arnaud.com\/fr\/wp-json\/wp\/v2\/tags?post=933"}],"curies":[{"name":"wp","href":"https:\/\/api.w.org\/{rel}","templated":true}]}}