{"id":9312,"date":"2018-08-26T17:06:38","date_gmt":"2018-08-26T17:06:38","guid":{"rendered":"http:\/\/www.claude-arnaud.com\/fr\/?p=9312"},"modified":"2018-09-11T17:33:37","modified_gmt":"2018-09-11T17:33:37","slug":"claude-arnaud-recommande-10","status":"publish","type":"post","link":"https:\/\/www.claude-arnaud.com\/fr\/archives\/9312","title":{"rendered":"Claude ARNAUD recommande&#8230;"},"content":{"rendered":"<p><span style=\"color: #008000;\"><strong>&#8230;l<\/strong><\/span>e documentaire <span style=\"color: #008000;\"><strong><em>KING : DE MONTGOMERY \u00c0 MEMPHIS<\/em><\/strong><\/span>\u00a0produit et \u00e9crit par<a href=\"http:\/\/www.claude-arnaud.com\/fr\/wp-content\/uploads\/2018\/08\/44660831.jpg-c_215_290_x-f_jpg-q_x-xxyxx1.jpg\"><img loading=\"lazy\" decoding=\"async\" class=\"alignright  wp-image-9316\" title=\"4466083.jpg-c_215_290_x-f_jpg-q_x-xxyxx\" src=\"http:\/\/www.claude-arnaud.com\/fr\/wp-content\/uploads\/2018\/08\/44660831.jpg-c_215_290_x-f_jpg-q_x-xxyxx1.jpg\" alt=\"\" width=\"175\" height=\"235\" \/><\/a> <strong>Ely LANDAU<\/strong>, mont\u00e9 avec l&rsquo;aide de <strong><span style=\"color: #008000;\">Sydney <span style=\"color: #333300;\">LUMET<\/span><\/span><\/strong> et de <span style=\"color: #008000;\"><strong>Joseph MANCKIEWICZ<\/strong><\/span>, sorti deux ans apr\u00e8s la mort du r\u00e9v\u00e9rend,\u00a0aujourd&rsquo;hui \u00e0 nouveau en salle.\u00a0Depuis le boycott des bus de <strong>Montgomery<\/strong> en 1955, l\u2019une des premi\u00e8res actions publiques du leader noir, jusqu\u2019\u00e0 son assassinat \u00e0 39 ans, en avril 1968 \u00e0 <span style=\"color: #008000;\">Memphis<\/span>, par un supr\u00e9matiste blanc, le film retrace la destin\u00e9e quasi messianique de\u00a0<strong><span style=\"color: #008000;\">Martin Luther KING (1929-1968)<\/span><\/strong>. Fait d&rsquo;images tourn\u00e9es dans des conditions parfois p\u00e9rilleuses, au milieu des coups et des balles, ce long-m\u00e9trage t\u00e9moigne des <strong>prodigieux dons d&rsquo;orateur du pasteur baptiste d&rsquo;Atlanta<\/strong>, mais aussi de <strong><span style=\"color: #008000;\">la conviction tellurique qu&rsquo;il communiquait \u00a0\u00e0 ses auditeurs<\/span><\/strong>. C&rsquo;est un moderne <strong>Mo\u00efse<\/strong> qu&rsquo;on d\u00e9couvre, \u00e0 la fois boulevers\u00e9 et stup\u00e9fait, et voit d\u00e9cid\u00e9, corps et \u00e2me, \u00e0 sortir son peuple de <strong>la stigmatision sociale o\u00f9 l&rsquo;a conduit un esclavage inf\u00e2me<\/strong>, vieux de quatre si\u00e8cles, <strong><span style=\"color: #008000;\">mais aussi \u00e0 le sauver de\u00a0l&rsquo;exil int\u00e9rieur qui a r\u00e9sult\u00e9 de l&rsquo;abolition tardive de ce dernier<\/span><\/strong>. On d\u00e9couvre le courage surhumain, et <strong>l&rsquo;infinie intelligence strat\u00e9gique<\/strong>, du <span style=\"color: #008000;\"><strong>KING<\/strong><\/span> face \u00e0 des forces arm\u00e9es et des populations blanches hostiles, non seulement dans le Sud profond et raciste mais aussi &#8211; c&rsquo;est l&rsquo;horrible surprise que r\u00e9serve ce chef d&rsquo;oeuvre -, dans une Chicago qui, sous le parapluie de son maire d\u00e9mocrate, se r\u00e9v\u00e8le un nid de supr\u00e9matistes blancs, tout pr\u00eats aussi au lynchage d\u00e8s que les Noirs sortent de leur ghetto et leur condition. Du <strong><em>Selma<\/em><\/strong> convenu (<span style=\"color: #008000;\"><strong>Ava duVernay<\/strong><\/span>) au cruel <strong><em>Do the right Thing<\/em><\/strong> (<span style=\"color: #008000;\"><strong>Spike LEE<\/strong><\/span>) en passant par le brillant <strong><em>BlacKk<\/em><em>Klansman<\/em><\/strong> (du m\u00eame), aucun film\u00a0n&rsquo;aura aussi bien montr\u00e9 l&rsquo;infamie de la S\u00e9gr\u00e9gation, mais aussi la bont\u00e9 h\u00e9ro\u00efque d&rsquo;un homme qui para\u00eet, a posteriori, le plus grand Chr\u00e9tien que la terre ait port\u00e9, le seul \u00e0 avoir v\u00e9cu la doctrine d&rsquo;amour de J\u00e9sus de Nazareth non comme une p\u00e9nitence ou une croix, mais comme un acte de vie, vibrant de ferveur et m\u00eame parfois de gaiet\u00e9, <span style=\"color: #008000;\"><strong>au service de la justice et de l&rsquo;\u00e9galit\u00e9.<\/strong><\/span><\/p>\n","protected":false},"excerpt":{"rendered":"<p>&#8230;le documentaire KING : DE MONTGOMERY \u00c0 MEMPHIS\u00a0produit et \u00e9crit par Ely LANDAU, mont\u00e9 avec l&rsquo;aide de Sydney LUMET et de Joseph MANCKIEWICZ, sorti deux ans apr\u00e8s la mort du r\u00e9v\u00e9rend,\u00a0aujourd&rsquo;hui \u00e0 nouveau en salle.\u00a0Depuis le boycott des bus de Montgomery en 1955, l\u2019une des premi\u00e8res actions publiques du leader noir, jusqu\u2019\u00e0 son assassinat \u00e0 [&hellip;]<\/p>\n","protected":false},"author":2,"featured_media":0,"comment_status":"open","ping_status":"open","sticky":false,"template":"","format":"standard","meta":{"footnotes":""},"categories":[7],"tags":[],"class_list":["post-9312","post","type-post","status-publish","format-standard","hentry","category-affinites","count-0","even alt","author-claude-arnaud","last"],"post_mailing_queue_ids":[],"_links":{"self":[{"href":"https:\/\/www.claude-arnaud.com\/fr\/wp-json\/wp\/v2\/posts\/9312","targetHints":{"allow":["GET"]}}],"collection":[{"href":"https:\/\/www.claude-arnaud.com\/fr\/wp-json\/wp\/v2\/posts"}],"about":[{"href":"https:\/\/www.claude-arnaud.com\/fr\/wp-json\/wp\/v2\/types\/post"}],"author":[{"embeddable":true,"href":"https:\/\/www.claude-arnaud.com\/fr\/wp-json\/wp\/v2\/users\/2"}],"replies":[{"embeddable":true,"href":"https:\/\/www.claude-arnaud.com\/fr\/wp-json\/wp\/v2\/comments?post=9312"}],"version-history":[{"count":10,"href":"https:\/\/www.claude-arnaud.com\/fr\/wp-json\/wp\/v2\/posts\/9312\/revisions"}],"predecessor-version":[{"id":9367,"href":"https:\/\/www.claude-arnaud.com\/fr\/wp-json\/wp\/v2\/posts\/9312\/revisions\/9367"}],"wp:attachment":[{"href":"https:\/\/www.claude-arnaud.com\/fr\/wp-json\/wp\/v2\/media?parent=9312"}],"wp:term":[{"taxonomy":"category","embeddable":true,"href":"https:\/\/www.claude-arnaud.com\/fr\/wp-json\/wp\/v2\/categories?post=9312"},{"taxonomy":"post_tag","embeddable":true,"href":"https:\/\/www.claude-arnaud.com\/fr\/wp-json\/wp\/v2\/tags?post=9312"}],"curies":[{"name":"wp","href":"https:\/\/api.w.org\/{rel}","templated":true}]}}