{"id":9288,"date":"2018-08-05T13:15:15","date_gmt":"2018-08-05T13:15:15","guid":{"rendered":"http:\/\/www.claude-arnaud.com\/fr\/?p=9288"},"modified":"2019-12-14T10:31:47","modified_gmt":"2019-12-14T10:31:47","slug":"le-dimanche-12-aout-2018-a-penta-di-casinca-en-corse","status":"publish","type":"post","link":"https:\/\/www.claude-arnaud.com\/fr\/archives\/9288","title":{"rendered":"Le dimanche 12 ao\u00fbt 2018, \u00e0 Penta-di-Casinca, en Corse"},"content":{"rendered":"<p><a href=\"http:\/\/www.claude-arnaud.com\/fr\/wp-content\/uploads\/2014\/07\/280px-Penta_di_Casinca.jpg\"><img loading=\"lazy\" decoding=\"async\" class=\"alignleft size-full wp-image-5458\" title=\"280px-Penta_di_Casinca\" src=\"http:\/\/www.claude-arnaud.com\/fr\/wp-content\/uploads\/2014\/07\/280px-Penta_di_Casinca.jpg\" alt=\"\" width=\"280\" height=\"187\" \/><\/a>Le dimanche 12 ao\u00fbt 2018, dans l&rsquo;apr\u00e8s-midi, \u00e0 Penta-di-Casinca, en Corse, <span style=\"color: #008000;\"><strong>Claude ARNAUD<\/strong><\/span>\u00a0est intervenu au sujet de P<strong>ORTRAITS CRACHES<\/strong>, le volume qu&rsquo;il a publi\u00e9 en septembre 2017 dans la collections <span style=\"color: #008000;\"><strong>BOUQUINS<\/strong><\/span> (\u00e9d Robert LAFFONT). Il a parl\u00e9 de l&rsquo;art du portrait, litt\u00e9raire et histoirique, en compagnie de <strong>Michel VERGE-FRANCESCHi<\/strong>, lui-m\u00eame l&rsquo;auteur de biographies historiques (dont un passionnant <em>PAOLI, un Corse des Lumi\u00e8res<\/em>\u00a0(\u00e9d. Fayard), 2007) et, dans cette m\u00eame collection <strong><span style=\"color: #008000;\">BOUQUINS<\/span><\/strong>, en 2009, d&rsquo;une anthologie des r\u00e9cits de voyage en CORSE.<\/p>\n<p>P<a title=\"corsevent\" href=\"https:\/\/www.corsevent.com\/categories\/livres-et-dedicaces\/evenement\/57147-rando-culture-au-village-de-penta-di-casinca\" target=\"_blank\">our en savoir plus<\/a>&#8230;.<a href=\"http:\/\/www.claude-arnaud.com\/fr\/wp-content\/uploads\/2018\/09\/largeportrait_8c470694.jpg\"><img loading=\"lazy\" decoding=\"async\" class=\"aligncenter size-full wp-image-9356\" title=\"largeportrait_8c470694\" src=\"http:\/\/www.claude-arnaud.com\/fr\/wp-content\/uploads\/2018\/09\/largeportrait_8c470694.jpg\" alt=\"\" width=\"150\" height=\"150\" srcset=\"https:\/\/www.claude-arnaud.com\/fr\/wp-content\/uploads\/2018\/09\/largeportrait_8c470694.jpg 150w, https:\/\/www.claude-arnaud.com\/fr\/wp-content\/uploads\/2018\/09\/largeportrait_8c470694-48x48.jpg 48w\" sizes=\"auto, (max-width: 150px) 100vw, 150px\" \/><\/a><\/p>\n","protected":false},"excerpt":{"rendered":"<p>Le dimanche 12 ao\u00fbt 2018, dans l&rsquo;apr\u00e8s-midi, \u00e0 Penta-di-Casinca, en Corse, Claude ARNAUD\u00a0est intervenu au sujet de PORTRAITS CRACHES, le volume qu&rsquo;il a publi\u00e9 en septembre 2017 dans la collections BOUQUINS (\u00e9d Robert LAFFONT). Il a parl\u00e9 de l&rsquo;art du portrait, litt\u00e9raire et histoirique, en compagnie de Michel VERGE-FRANCESCHi, lui-m\u00eame l&rsquo;auteur de biographies historiques (dont [&hellip;]<\/p>\n","protected":false},"author":2,"featured_media":0,"comment_status":"open","ping_status":"open","sticky":false,"template":"","format":"standard","meta":{"footnotes":""},"categories":[5],"tags":[],"class_list":["post-9288","post","type-post","status-publish","format-standard","hentry","category-rencontres","count-0","even alt","author-claude-arnaud","last"],"post_mailing_queue_ids":[],"_links":{"self":[{"href":"https:\/\/www.claude-arnaud.com\/fr\/wp-json\/wp\/v2\/posts\/9288","targetHints":{"allow":["GET"]}}],"collection":[{"href":"https:\/\/www.claude-arnaud.com\/fr\/wp-json\/wp\/v2\/posts"}],"about":[{"href":"https:\/\/www.claude-arnaud.com\/fr\/wp-json\/wp\/v2\/types\/post"}],"author":[{"embeddable":true,"href":"https:\/\/www.claude-arnaud.com\/fr\/wp-json\/wp\/v2\/users\/2"}],"replies":[{"embeddable":true,"href":"https:\/\/www.claude-arnaud.com\/fr\/wp-json\/wp\/v2\/comments?post=9288"}],"version-history":[{"count":7,"href":"https:\/\/www.claude-arnaud.com\/fr\/wp-json\/wp\/v2\/posts\/9288\/revisions"}],"predecessor-version":[{"id":10180,"href":"https:\/\/www.claude-arnaud.com\/fr\/wp-json\/wp\/v2\/posts\/9288\/revisions\/10180"}],"wp:attachment":[{"href":"https:\/\/www.claude-arnaud.com\/fr\/wp-json\/wp\/v2\/media?parent=9288"}],"wp:term":[{"taxonomy":"category","embeddable":true,"href":"https:\/\/www.claude-arnaud.com\/fr\/wp-json\/wp\/v2\/categories?post=9288"},{"taxonomy":"post_tag","embeddable":true,"href":"https:\/\/www.claude-arnaud.com\/fr\/wp-json\/wp\/v2\/tags?post=9288"}],"curies":[{"name":"wp","href":"https:\/\/api.w.org\/{rel}","templated":true}]}}