{"id":9252,"date":"2018-07-12T16:26:28","date_gmt":"2018-07-12T16:26:28","guid":{"rendered":"http:\/\/www.claude-arnaud.com\/fr\/?p=9252"},"modified":"2019-12-14T22:55:44","modified_gmt":"2019-12-14T22:55:44","slug":"portraits-craches-vu-par-le-canard-enchaine","status":"publish","type":"post","link":"https:\/\/www.claude-arnaud.com\/fr\/archives\/9252","title":{"rendered":"\u00ab\u00a0Portraits Crach\u00e9s\u00a0\u00bb vu par le Canard Encha\u00een\u00e9"},"content":{"rendered":"<p><strong><a href=\"http:\/\/www.claude-arnaud.com\/fr\/wp-content\/uploads\/2018\/07\/canardench.jpg\"><img loading=\"lazy\" decoding=\"async\" class=\"alignleft  wp-image-9254\" title=\"canardench\" src=\"http:\/\/www.claude-arnaud.com\/fr\/wp-content\/uploads\/2018\/07\/canardench.jpg\" alt=\"\" width=\"225\" height=\"112\" srcset=\"https:\/\/www.claude-arnaud.com\/fr\/wp-content\/uploads\/2018\/07\/canardench.jpg 640w, https:\/\/www.claude-arnaud.com\/fr\/wp-content\/uploads\/2018\/07\/canardench-300x150.jpg 300w\" sizes=\"auto, (max-width: 225px) 100vw, 225px\" \/><\/a><span style=\"color: #008000;\">Fr\u00e9d\u00e9ric PAGES<\/span><\/strong>, dans sa rubrique hebdomadaire \u00ab\u00a0<span style=\"color: #008000;\"><strong>Lettres ou pas Lettres\u00a0\u00bb,<span style=\"color: #333300;\">\u00a0publie un<a href=\"http:\/\/www.claude-arnaud.com\/fr\/wp-content\/uploads\/2018\/07\/Pancho-2.png\"><img loading=\"lazy\" decoding=\"async\" class=\"alignright  wp-image-9255\" title=\"Pancho 2\" src=\"http:\/\/www.claude-arnaud.com\/fr\/wp-content\/uploads\/2018\/07\/Pancho-2.png\" alt=\"\" width=\"309\" height=\"265\" srcset=\"https:\/\/www.claude-arnaud.com\/fr\/wp-content\/uploads\/2018\/07\/Pancho-2.png 330w, https:\/\/www.claude-arnaud.com\/fr\/wp-content\/uploads\/2018\/07\/Pancho-2-300x257.png 300w\" sizes=\"auto, (max-width: 309px) 100vw, 309px\" \/><\/a><\/span><\/strong><\/span><strong>\u00a0compte-rendu des<em> PORTRAITS CRACHES<\/em><\/strong> de <span style=\"color: #008000;\"><strong>Claude ARNAUD<\/strong><\/span> (Bouquins) &#8211; \u00ab\u00a0<strong>monument de 500 portraits<\/strong> tir\u00e9s de M\u00e9moires, de lettres, de romans, <span style=\"color: #008000;\"><strong>superbe pi\u00e8ce mont\u00e9e \u00e0 picorer dans le d\u00e9sordre et sans retenue<\/strong><\/span><strong>\u00ab\u00a0. Pour lire in-extenso <a href=\"http:\/\/www.claude-arnaud.com\/fr\/wp-content\/uploads\/2018\/07\/CANARD-ENCHAINE.pdf\">cet article, publi\u00e9 dans le Canard Encha\u00een\u00e9 du 11 juillet 2018<\/a><\/strong>&#8230;<a href=\"http:\/\/www.claude-arnaud.com\/fr\/wp-content\/uploads\/2016\/06\/Transfuge-photo-5.jpg\"><img loading=\"lazy\" decoding=\"async\" class=\"alignleft  wp-image-6710\" title=\"Transfuge photo-5\" src=\"http:\/\/www.claude-arnaud.com\/fr\/wp-content\/uploads\/2016\/06\/Transfuge-photo-5-217x300.jpg\" alt=\"\" width=\"174\" height=\"240\" srcset=\"https:\/\/www.claude-arnaud.com\/fr\/wp-content\/uploads\/2016\/06\/Transfuge-photo-5-217x300.jpg 217w, https:\/\/www.claude-arnaud.com\/fr\/wp-content\/uploads\/2016\/06\/Transfuge-photo-5.jpg 296w\" sizes=\"auto, (max-width: 174px) 100vw, 174px\" \/><\/a><\/p>\n","protected":false},"excerpt":{"rendered":"<p>Fr\u00e9d\u00e9ric PAGES, dans sa rubrique hebdomadaire \u00ab\u00a0Lettres ou pas Lettres\u00a0\u00bb,\u00a0publie un\u00a0compte-rendu des PORTRAITS CRACHES de Claude ARNAUD (Bouquins) &#8211; \u00ab\u00a0monument de 500 portraits tir\u00e9s de M\u00e9moires, de lettres, de romans, superbe pi\u00e8ce mont\u00e9e \u00e0 picorer dans le d\u00e9sordre et sans retenue\u00ab\u00a0. Pour lire in-extenso cet article, publi\u00e9 dans le Canard Encha\u00een\u00e9 du 11 juillet 2018&#8230;<\/p>\n","protected":false},"author":2,"featured_media":0,"comment_status":"open","ping_status":"open","sticky":false,"template":"","format":"standard","meta":{"footnotes":""},"categories":[4],"tags":[],"class_list":["post-9252","post","type-post","status-publish","format-standard","hentry","category-articles","count-0","even alt","author-claude-arnaud","last"],"post_mailing_queue_ids":[],"_links":{"self":[{"href":"https:\/\/www.claude-arnaud.com\/fr\/wp-json\/wp\/v2\/posts\/9252","targetHints":{"allow":["GET"]}}],"collection":[{"href":"https:\/\/www.claude-arnaud.com\/fr\/wp-json\/wp\/v2\/posts"}],"about":[{"href":"https:\/\/www.claude-arnaud.com\/fr\/wp-json\/wp\/v2\/types\/post"}],"author":[{"embeddable":true,"href":"https:\/\/www.claude-arnaud.com\/fr\/wp-json\/wp\/v2\/users\/2"}],"replies":[{"embeddable":true,"href":"https:\/\/www.claude-arnaud.com\/fr\/wp-json\/wp\/v2\/comments?post=9252"}],"version-history":[{"count":11,"href":"https:\/\/www.claude-arnaud.com\/fr\/wp-json\/wp\/v2\/posts\/9252\/revisions"}],"predecessor-version":[{"id":10204,"href":"https:\/\/www.claude-arnaud.com\/fr\/wp-json\/wp\/v2\/posts\/9252\/revisions\/10204"}],"wp:attachment":[{"href":"https:\/\/www.claude-arnaud.com\/fr\/wp-json\/wp\/v2\/media?parent=9252"}],"wp:term":[{"taxonomy":"category","embeddable":true,"href":"https:\/\/www.claude-arnaud.com\/fr\/wp-json\/wp\/v2\/categories?post=9252"},{"taxonomy":"post_tag","embeddable":true,"href":"https:\/\/www.claude-arnaud.com\/fr\/wp-json\/wp\/v2\/tags?post=9252"}],"curies":[{"name":"wp","href":"https:\/\/api.w.org\/{rel}","templated":true}]}}