{"id":897,"date":"2010-09-23T15:31:22","date_gmt":"2010-09-23T15:31:22","guid":{"rendered":"http:\/\/www.claude-arnaud.com\/fr\/?p=897"},"modified":"2024-11-03T18:51:42","modified_gmt":"2024-11-03T17:51:42","slug":"claude-arnaud-dans-la-rentre-litteraire","status":"publish","type":"post","link":"https:\/\/www.claude-arnaud.com\/fr\/archives\/897","title":{"rendered":"CLAUDE ARNAUD dans la RENTR\u00c9E LITTERAIRE 2010 avec \u00ab\u00a0QU&rsquo;AS-TU FAIT DE TES FRERES?\u00a0\u00bb"},"content":{"rendered":"<p><strong><span style=\"color: #008000;\"><a href=\"http:\/\/www.claude-arnaud.com\/fr\/wp-content\/uploads\/2009\/05\/dsc83291-199x300.jpg\"><img loading=\"lazy\" decoding=\"async\" class=\"alignleft size-thumbnail wp-image-1316\" title=\"_dsc83291-199x300\" src=\"http:\/\/www.claude-arnaud.com\/fr\/wp-content\/uploads\/2009\/05\/dsc83291-199x300-150x150.jpg\" alt=\"\" width=\"150\" height=\"150\" srcset=\"https:\/\/www.claude-arnaud.com\/fr\/wp-content\/uploads\/2009\/05\/dsc83291-199x300-150x150.jpg 150w, https:\/\/www.claude-arnaud.com\/fr\/wp-content\/uploads\/2009\/05\/dsc83291-199x300-64x64.jpg 64w\" sizes=\"auto, (max-width: 150px) 100vw, 150px\" \/><\/a>CLAUDE ARNAUD<\/span><\/strong> a publi\u00e9, \u00e0 la rentr\u00e9e de septembre 2010, un roman aux \u00e9ditions <strong>GRASSET, <\/strong><span style=\"color: #008000;\"><strong>QU&rsquo;AS-TU FAIT DE TES FR\u00c8RES?<\/strong><\/span><\/p>\n<p>Pour en lire une <span style=\"color: #008000;\"><strong>pr\u00e9sentation<\/strong><\/span> et deux <a href=\"http:\/\/www.claude-arnaud.com\/fr\/wp-content\/uploads\/2010\/05\/presentation.pdf\">extraits<\/a>&#8230;<\/p>\n<p><em><strong>(Photo Hannah, Agence Opale)<\/strong><\/em><\/p>\n<p>Ce livre a fait partie de la <strong><span style=\"color: #008000;\">S\u00e9lection de rentr\u00e9e de la FNAC<\/span> <\/strong>\u00e9tablie par <strong>400 adh\u00e9rents et 500 libraires<\/strong><span style=\"color: #008000;\"> <span style=\"color: #000000;\"><a href=\"https:\/\/sophieadriansen.wordpress.com\/2010\/09\/14\/prix-du-roman-fnac-2010\/\" target=\"_blank\" rel=\"noopener\">parmi 300 romans parus en septembre<\/a>..<\/span><\/span><\/p>\n<p>Il a figur\u00e9 <strong>dans la premi\u00e8re liste<\/strong> de s\u00e9lection <a href=\"http:\/\/www.lexpress.fr\/culture\/livre\/15-romans-et-7-essais-selectionnes-pour-le-renaudot-2010_917559.html\" target=\"_blank\" rel=\"noopener\">du prix Renaudot&#8230;<\/a> dans celle du <a href=\"https:\/\/www.lefigaro.fr\/flash-actu\/2010\/09\/16\/97001-20100916FILWWW00692-premiere-selection-du-prix-femina.php\" target=\"_blank\" rel=\"noopener\">prix Femina<\/a>&#8230; dans celle du <a href=\"https:\/\/www.lexpress.fr\/culture\/livre\/le-prix-medicis-devoile-sa-selection-2010_920346.html\" target=\"_blank\" rel=\"noopener\">prix Medicis<\/a>&#8230; dans celle du <a href=\"https:\/\/www.lexpress.fr\/culture\/livre\/premiere-selection-du-prix-interallie_921905.html\" target=\"_blank\" rel=\"noopener\">prix Interalli\u00e9<\/a>&#8230; dans <a href=\"https:\/\/www.livreshebdo.fr\/article\/premiere-selection-du-prix-decembre\" target=\"_blank\" rel=\"noopener\">celle du prix D\u00e9cembre<\/a>&#8230; comme dans celle du <a title=\"academie poitiers\" href=\"http:\/\/ww2.ac-poitiers.fr\/daac\/spip.php?article720\" target=\"_blank\" rel=\"noopener\">Renaudot des ly\u00e7\u00e9ens&#8230;<\/a><\/p>\n<p>Il a aussi \u00e9t\u00e9 dans la deuxi\u00e8me liste <strong><a href=\"https:\/\/www.lepoint.fr\/culture\/deuxieme-selection-du-prix-femina-02-10-2010-1244268_3.php\" target=\"_blank\" rel=\"noopener\">du prix Femina<\/a>&#8230;<\/strong> dans celle<strong> de l&rsquo;Interalli\u00e9&#8230; et dans celle du <a href=\"http:\/\/www.lalettredulibraire.com\/?post\/2010\/10\/21\/Prix-Renaudot-2010-deuxi\u00e8me-s\u00e9lection\" target=\"_blank\" rel=\"noopener\">Renaudot<\/a>&#8230;<\/strong><\/p>\n<p><strong>Il a figur\u00e9 enfin dans la troisi\u00e8me et derni\u00e8re liste <a title=\"Femina\" href=\"http:\/\/www.lepoint.fr\/culture\/derniere-selection-du-prix-femina-pour-les-romans-francais-et-etrangers-20-10-2010-1251833_3.php\" target=\"_blank\" rel=\"noopener\">du Femina&#8230;<\/a> et de <a title=\"lien L'express\" href=\"http:\/\/www.lexpress.fr\/culture\/livre\/prix-interallie-ils-ne-sont-plus-que-quatre_933870.html\" target=\"_blank\" rel=\"noopener\">l&rsquo;Interalli\u00e9<\/a>&#8230;<a title=\"Lien Lemonde\" href=\"http:\/\/enfinlivre.blog.lemonde.fr\/2010\/10\/23\/claude-arnaud-quas-tu-fait-de-tes-freres\/\" target=\"_blank\" rel=\"noopener\"><br \/>\n<\/a><\/strong><\/p>\n<p><strong>et aussi dans l&rsquo;ultime s\u00e9lection du <a href=\"https:\/\/actualitte.com\/article\/75470\/prix-litteraires\/prix-des-deux-magots-la-selection-2011\" target=\"_blank\" rel=\"noopener\">prix des Deux-Magots<\/a>&#8230; comme du <span class=\"removed_link\" title=\"http:\/\/sites.radiofrance.fr\/franceinter\/ev\/fiche.php?ev_id=1612\"><a href=\"http:\/\/www.lalettredulibraire.com\/?post\/2011\/04\/07\/Prix-du-Livre-Inter-2011-%3A-la-s%C3%A9lection\" target=\"_blank\" rel=\"noopener\">prix du livre Inter.<\/a>..<\/span><br \/>\n<\/strong><\/p>\n<p><strong><a href=\"http:\/\/www.claude-arnaud.com\/fr\/wp-content\/uploads\/2010\/05\/search_coupcoeur.gif\"><img loading=\"lazy\" decoding=\"async\" class=\"alignleft size-full wp-image-1101\" title=\"search_coupcoeur\" src=\"http:\/\/www.claude-arnaud.com\/fr\/wp-content\/uploads\/2010\/05\/search_coupcoeur.gif\" alt=\"\" width=\"22\" height=\"22\" \/><\/a>Coup de c\u0153ur des vendeurs de la FNAC, ce livre a encore \u00e9t\u00e9 s\u00e9lectionn\u00e9 par le Club des Meilleurs livres du mois&#8230;<\/strong><a href=\"http:\/\/www.livreshebdo.fr\/actualites\/DetailsActuRub.aspx?id=4749\" target=\"_blank\" rel=\"noopener\"><br \/>\n<\/a><\/p>\n<blockquote><p><strong>Le jeudi 23 septembre 2010, <span style=\"color: #008000;\">CLAUDE ARNAUD<\/span><\/strong><strong> a dialogu\u00e9 avec les internautes lisant LIBERATION<\/strong><strong>. <a href=\"https:\/\/www.liberation.fr\/livres\/2010\/09\/16\/la-drogue-et-la-musique-pour-dissoudre-cette-maudite-realite-en-faire-une-sorte-de-fiction_679204\/\" target=\"_blank\" rel=\"noopener\">Pour d\u00e9couvrir ce tchat<\/a>&#8230;<br \/>\n<\/strong><\/p><\/blockquote>\n<blockquote><p><strong> Le 2 octobre, <\/strong><span style=\"color: #008000;\">CLAUDE ARNAUD<\/span><strong> a sign\u00e9 son livre \u00e0 la LIbrairie GALLIMARD bld Raspail, et en a lu des extraits <\/strong><strong>\u00e0 la librairie <\/strong><span style=\"color: #008000;\">les CAHIERS de COLETTE<\/span><strong>, Rambuteau, Paris.<\/strong><\/p><\/blockquote>\n<blockquote><p><span style=\"color: #008000;\"><strong>Le samedi 30 octobre 2010, <\/strong><\/span><strong>CLAUDE ARNAUD a particip\u00e9 au Festival de Litt\u00e9rature contemporaine les Littorales \u00e0 Marseille, ayant pour th\u00e8me \u00ab\u00a0Moi et les autres\u00a0\u00bb (142 la Cannebi\u00e8re). Apr\u00e8s un forum radiophonique, sous le chapiteau du cours d&rsquo;Estienne d&rsquo;Orves (14h30), et une s\u00e9ance de d\u00e9dicace \u00e0 la librairie L&rsquo;Odeur du temps (15h\/16h30), il a particip\u00e9, de 17 \u00e0 18.30, \u00e0 une table-ronde avec <\/strong><span style=\"color: #008000;\">Vincent BOREL<\/span><strong> et Soazig AARON \u00e0 <\/strong> La Bo[a]te, 35 rue de la Paix Marcel Paul \u2013 13001<\/p><\/blockquote>\n<blockquote><p><strong>Le samedi 6 novembre, \u00e0 15h15, <span style=\"color: #008000;\">Claude ARNAUD<\/span> \u00e9tait \u00e0 la 29\u00b0 Foire du livre de <span style=\"color: #008000;\">BRIVE<\/span><\/strong>,<strong> pour le Forum des Lecteurs de <em>La Montagne<\/em>\/ France Bleue Limousin, <\/strong>anim\u00e9 par Baptiste Liger (Lire)<strong>.\u00a0<\/strong><\/p><\/blockquote>\n<blockquote><p><strong>Le dimanche 7 \u00e0 <span style=\"color: #008000;\">TOULOUSE<\/span>, de 16.30 \u00e0 18 h., pour \u00ab\u00a0VIVONS LIVRES\u00a0\u00bb: il a dialogu\u00e9 avec <span style=\"color: #008000;\">Olivier Carr\u00e9rot<\/span><\/strong><strong> au centre Pierre-Baudis, salle Ariane 2, au sujet de \u00ab\u00a0<span style=\"color: #008000;\"><em>68, avant et apr\u00e8s<\/em><\/span><\/strong><strong>\u00ab\u00a0.<br \/>\n<\/strong><\/p><\/blockquote>\n<p><strong>\u00a0<\/strong><\/p>\n<p><strong><a href=\"http:\/\/www.claude-arnaud.com\/fr\/wp-content\/uploads\/2010\/05\/9782246771111FS.gif\"><img loading=\"lazy\" decoding=\"async\" class=\"alignleft size-medium wp-image-1103\" title=\"9782246771111FS\" src=\"http:\/\/www.claude-arnaud.com\/fr\/wp-content\/uploads\/2010\/05\/9782246771111FS-202x300.gif\" alt=\"\" width=\"195\" height=\"279\" \/><\/a><\/strong><\/p>\n<p>Pour voir et entendre <span style=\"color: #008000;\"><strong>CLAUDE ARNAUD<\/strong><\/span> pr\u00e9senter son livre, dans les diverses cha\u00eenes <a title=\"Lien Qu'as-tu fait\" href=\"http:\/\/www.claude-arnaud.com\/fr\/romans\/quas-tu-fais-de-tes-freres\" target=\"_self\" rel=\"noopener\">de t\u00e9l\u00e9vision et de radio, ou sur le net&#8230;<\/a><\/p>\n<p>Enfin, pour d\u00e9couvrir les premi\u00e8res r\u00e9actions de la presse \u00e9crite au livre,\u00a0en France, aller <a href=\"http:\/\/www.claude-arnaud.com\/fr\/?page_id=992\" target=\"_self\" rel=\"noopener\">\u00e0 la rubrique <strong><span style=\"color: #008000;\">ROMANS<\/span><\/strong><\/a>&#8230;<\/p>\n<p>&#8230; <a href=\"http:\/\/www.claude-arnaud.com\/fr\/romans\/quas-tu-fais-de-tes-freres\/quas-tu-fait-de-tes-freres-abroad\" target=\"_self\" rel=\"noopener\">et \u00e0 l&rsquo;\u00e9tranger\/abraod&#8230;<\/a><\/p>\n","protected":false},"excerpt":{"rendered":"<p>CLAUDE ARNAUD a publi\u00e9, \u00e0 la rentr\u00e9e de septembre 2010, un roman aux \u00e9ditions GRASSET, QU&rsquo;AS-TU FAIT DE TES FR\u00c8RES? Pour en lire une pr\u00e9sentation et deux extraits&#8230; (Photo Hannah, Agence Opale) Ce livre a fait partie de la S\u00e9lection de rentr\u00e9e de la FNAC \u00e9tablie par 400 adh\u00e9rents et 500 libraires parmi 300 romans [&hellip;]<\/p>\n","protected":false},"author":2,"featured_media":0,"comment_status":"open","ping_status":"open","sticky":false,"template":"","format":"standard","meta":{"footnotes":""},"categories":[3],"tags":[],"class_list":["post-897","post","type-post","status-publish","format-standard","hentry","category-livres","count-0","even alt","author-claude-arnaud","last"],"post_mailing_queue_ids":[],"_links":{"self":[{"href":"https:\/\/www.claude-arnaud.com\/fr\/wp-json\/wp\/v2\/posts\/897","targetHints":{"allow":["GET"]}}],"collection":[{"href":"https:\/\/www.claude-arnaud.com\/fr\/wp-json\/wp\/v2\/posts"}],"about":[{"href":"https:\/\/www.claude-arnaud.com\/fr\/wp-json\/wp\/v2\/types\/post"}],"author":[{"embeddable":true,"href":"https:\/\/www.claude-arnaud.com\/fr\/wp-json\/wp\/v2\/users\/2"}],"replies":[{"embeddable":true,"href":"https:\/\/www.claude-arnaud.com\/fr\/wp-json\/wp\/v2\/comments?post=897"}],"version-history":[{"count":143,"href":"https:\/\/www.claude-arnaud.com\/fr\/wp-json\/wp\/v2\/posts\/897\/revisions"}],"predecessor-version":[{"id":16352,"href":"https:\/\/www.claude-arnaud.com\/fr\/wp-json\/wp\/v2\/posts\/897\/revisions\/16352"}],"wp:attachment":[{"href":"https:\/\/www.claude-arnaud.com\/fr\/wp-json\/wp\/v2\/media?parent=897"}],"wp:term":[{"taxonomy":"category","embeddable":true,"href":"https:\/\/www.claude-arnaud.com\/fr\/wp-json\/wp\/v2\/categories?post=897"},{"taxonomy":"post_tag","embeddable":true,"href":"https:\/\/www.claude-arnaud.com\/fr\/wp-json\/wp\/v2\/tags?post=897"}],"curies":[{"name":"wp","href":"https:\/\/api.w.org\/{rel}","templated":true}]}}