{"id":8609,"date":"2018-02-03T17:01:06","date_gmt":"2018-02-03T17:01:06","guid":{"rendered":"http:\/\/www.claude-arnaud.com\/fr\/?p=8609"},"modified":"2021-03-04T14:35:26","modified_gmt":"2021-03-04T13:35:26","slug":"pour-saluer-le-dernier-roman-de-patrick-grainville","status":"publish","type":"post","link":"https:\/\/www.claude-arnaud.com\/fr\/archives\/8609","title":{"rendered":"Pour saluer le dernier roman de PATRICK GRAINVILLE&#8230;"},"content":{"rendered":"<p><strong><span style=\"color: #008000;\"><a href=\"http:\/\/www.claude-arnaud.com\/fr\/wp-content\/uploads\/2018\/02\/1003966-Patrick_Grainville.jpg\"><img loading=\"lazy\" decoding=\"async\" class=\"alignleft  wp-image-8610\" title=\"1003966-Patrick_Grainville\" src=\"http:\/\/www.claude-arnaud.com\/fr\/wp-content\/uploads\/2018\/02\/1003966-Patrick_Grainville-198x300.jpg\" alt=\"\" width=\"119\" height=\"180\" srcset=\"https:\/\/www.claude-arnaud.com\/fr\/wp-content\/uploads\/2018\/02\/1003966-Patrick_Grainville-198x300.jpg 198w, https:\/\/www.claude-arnaud.com\/fr\/wp-content\/uploads\/2018\/02\/1003966-Patrick_Grainville.jpg 264w\" sizes=\"auto, (max-width: 119px) 100vw, 119px\" \/><\/a>LE POINT<\/span>, dans son num\u00e9ro dat\u00e9 du 29 janvier 2017 a\u00a0<strong>publi\u00e9 un article de\u00a0CLAUDE<\/strong><span style=\"color: #008000;\"><a href=\"http:\/\/www.claude-arnaud.com\/fr\/wp-content\/uploads\/2018\/02\/Unknown.jpeg\"><img loading=\"lazy\" decoding=\"async\" class=\"alignright size-full wp-image-8612\" title=\"Unknown\" src=\"http:\/\/www.claude-arnaud.com\/fr\/wp-content\/uploads\/2018\/02\/Unknown.jpeg\" alt=\"\" width=\"225\" height=\"225\" srcset=\"https:\/\/www.claude-arnaud.com\/fr\/wp-content\/uploads\/2018\/02\/Unknown.jpeg 225w, https:\/\/www.claude-arnaud.com\/fr\/wp-content\/uploads\/2018\/02\/Unknown-150x150.jpeg 150w, https:\/\/www.claude-arnaud.com\/fr\/wp-content\/uploads\/2018\/02\/Unknown-48x48.jpeg 48w\" sizes=\"auto, (max-width: 225px) 100vw, 225px\" \/><\/a> ARNAUD<\/span> saluant<em> LA FALAISE DES FOUS<\/em> ( \u00c9D. LE SEUIL) le dernier roman de <span style=\"color: #008000;\">PATRICK GRAINVILLE.<\/span><\/strong> \u00ab\u00a0On savait quel r\u00f4le <strong>Pont-Aven, <span style=\"color: #008000;\">Saint-Tropez<\/span> ou Collioure<\/strong> jou\u00e8rent dans l&rsquo;essor du nabisme, du divisionnisme et du fauvisme, \u00e0 la fin du XIXe si\u00e8cle, lit-on dans cet article. <strong>Mais ces ports n&rsquo;auraient pas tant compt\u00e9 si <span style=\"color: #008000;\">\u00c9tretat n&rsquo;avait d&rsquo;abord attir\u00e9 les pionniers de l&rsquo;impressionnisme, de Boudin \u00e0 Monet<\/span>.<\/strong> Ce balcon sur l&rsquo;infini fut la Mecque des peintres venus saisir l&rsquo;impression que ces paysages iod\u00e9s leur faisaient. <strong>Rest\u00e9e aussi \u00ab\u00a0sauvage\u00a0\u00bb qu&rsquo;\u00e0 l&rsquo;\u00e9poque des razzias vikings, quoique desservie par\u00a0<a href=\"http:\/\/www.lepoint.fr\/tags\/le-havre\">Le Havre<\/a><\/strong>, la C\u00f4te d&rsquo;Alb\u00e2tre fut m\u00eame un p\u00e8lerinage pris\u00e9 des \u00e9crivains locaux, <strong>comme\u00a0<span style=\"color: #008000;\"><a href=\"http:\/\/www.lepoint.fr\/tags\/gustave-flaubert\"><span style=\"color: #008000;\">Flaubert<\/span><\/a><\/span>\u00a0ou\u00a0<a href=\"http:\/\/www.lepoint.fr\/tags\/guy-de-maupassant\">Maupassant<\/a><\/strong>, ou nationaux, comme <strong><span style=\"color: #008000;\">Victor Hugo\u00a0\u00bb<\/span><\/strong>&#8230; Pour d\u00e9couvrir <a title=\"le point\" href=\"http:\/\/www.lepoint.fr\/livres\/roman-la-manche-balcon-sur-l-infini-29-01-2018-2190445_37.php\" target=\"_blank\" rel=\"noopener\">cet article<\/a>&#8230; et sa <a href=\"http:\/\/www.claude-arnaud.com\/fr\/wp-content\/uploads\/2018\/02\/Grainville-2.pdf\">version papier&#8230;<\/a><\/p>\n<p>(Ph. \u00a9 M. Toussaint \/ Gamma)<\/p>\n","protected":false},"excerpt":{"rendered":"<p>LE POINT, dans son num\u00e9ro dat\u00e9 du 29 janvier 2017 a\u00a0publi\u00e9 un article de\u00a0CLAUDE ARNAUD saluant LA FALAISE DES FOUS ( \u00c9D. LE SEUIL) le dernier roman de PATRICK GRAINVILLE. \u00ab\u00a0On savait quel r\u00f4le Pont-Aven, Saint-Tropez ou Collioure jou\u00e8rent dans l&rsquo;essor du nabisme, du divisionnisme et du fauvisme, \u00e0 la fin du XIXe si\u00e8cle, lit-on [&hellip;]<\/p>\n","protected":false},"author":2,"featured_media":0,"comment_status":"open","ping_status":"open","sticky":false,"template":"","format":"standard","meta":{"footnotes":""},"categories":[6],"tags":[],"class_list":["post-8609","post","type-post","status-publish","format-standard","hentry","category-evenements","count-0","even alt","author-claude-arnaud","last"],"post_mailing_queue_ids":[],"_links":{"self":[{"href":"https:\/\/www.claude-arnaud.com\/fr\/wp-json\/wp\/v2\/posts\/8609","targetHints":{"allow":["GET"]}}],"collection":[{"href":"https:\/\/www.claude-arnaud.com\/fr\/wp-json\/wp\/v2\/posts"}],"about":[{"href":"https:\/\/www.claude-arnaud.com\/fr\/wp-json\/wp\/v2\/types\/post"}],"author":[{"embeddable":true,"href":"https:\/\/www.claude-arnaud.com\/fr\/wp-json\/wp\/v2\/users\/2"}],"replies":[{"embeddable":true,"href":"https:\/\/www.claude-arnaud.com\/fr\/wp-json\/wp\/v2\/comments?post=8609"}],"version-history":[{"count":9,"href":"https:\/\/www.claude-arnaud.com\/fr\/wp-json\/wp\/v2\/posts\/8609\/revisions"}],"predecessor-version":[{"id":12905,"href":"https:\/\/www.claude-arnaud.com\/fr\/wp-json\/wp\/v2\/posts\/8609\/revisions\/12905"}],"wp:attachment":[{"href":"https:\/\/www.claude-arnaud.com\/fr\/wp-json\/wp\/v2\/media?parent=8609"}],"wp:term":[{"taxonomy":"category","embeddable":true,"href":"https:\/\/www.claude-arnaud.com\/fr\/wp-json\/wp\/v2\/categories?post=8609"},{"taxonomy":"post_tag","embeddable":true,"href":"https:\/\/www.claude-arnaud.com\/fr\/wp-json\/wp\/v2\/tags?post=8609"}],"curies":[{"name":"wp","href":"https:\/\/api.w.org\/{rel}","templated":true}]}}