{"id":8495,"date":"2018-01-08T18:19:12","date_gmt":"2018-01-08T18:19:12","guid":{"rendered":"http:\/\/www.claude-arnaud.com\/fr\/?p=8495"},"modified":"2018-05-27T14:34:16","modified_gmt":"2018-05-27T14:34:16","slug":"cet-art-si-francais-du-portrait","status":"publish","type":"post","link":"https:\/\/www.claude-arnaud.com\/fr\/archives\/8495","title":{"rendered":"Cet art si fran\u00e7ais du portrait&#8230;"},"content":{"rendered":"<p><a href=\"http:\/\/www.claude-arnaud.com\/fr\/wp-content\/uploads\/2018\/01\/claude-arnaud-son-anthologie-est-une-entreprise-ardue-et-reussie.jpg\"><img loading=\"lazy\" decoding=\"async\" class=\"alignleft  wp-image-8497\" title=\"claude-arnaud-son-anthologie-est-une-entreprise-ardue-et-reussie\" src=\"http:\/\/www.claude-arnaud.com\/fr\/wp-content\/uploads\/2018\/01\/claude-arnaud-son-anthologie-est-une-entreprise-ardue-et-reussie-300x150.jpg\" alt=\"\" width=\"228\" height=\"114\" srcset=\"https:\/\/www.claude-arnaud.com\/fr\/wp-content\/uploads\/2018\/01\/claude-arnaud-son-anthologie-est-une-entreprise-ardue-et-reussie-300x150.jpg 300w, https:\/\/www.claude-arnaud.com\/fr\/wp-content\/uploads\/2018\/01\/claude-arnaud-son-anthologie-est-une-entreprise-ardue-et-reussie.jpg 1000w\" sizes=\"auto, (max-width: 228px) 100vw, 228px\" \/><\/a>\u00ab\u00a0L\u2019in\u00e9l\u00e9gance du titre se fait vite oublier, <strong>\u00e9crit dans le <span style=\"color: #008000;\">SUD-<strong>OUEST Dimanche du 6 d\u00e9cembre<\/strong><\/span> 2017 Isabelle BUNISSET<\/strong>, en \u00e9voquant la parution de <strong><em><span style=\"color: #008000;\">PORTRAITS CRACHES<\/span>, un tr\u00e9sor litt\u00e9raire, <span style=\"color: #008000;\">de Montaigne \u00e0 Houellebecq<\/span><\/em><\/strong> (BOUQUINS Robert Laffont). <strong>D\u00e8s la pr\u00e9face,<a href=\"http:\/\/www.claude-arnaud.com\/fr\/wp-content\/uploads\/2013\/07\/logo-sud-ouest.jpg\"><img loading=\"lazy\" decoding=\"async\" class=\"alignright  wp-image-4237\" title=\"logo-sud-ouest\" src=\"http:\/\/www.claude-arnaud.com\/fr\/wp-content\/uploads\/2013\/07\/logo-sud-ouest-300x270.jpg\" alt=\"\" width=\"191\" height=\"171\" srcset=\"https:\/\/www.claude-arnaud.com\/fr\/wp-content\/uploads\/2013\/07\/logo-sud-ouest-300x270.jpg 300w, https:\/\/www.claude-arnaud.com\/fr\/wp-content\/uploads\/2013\/07\/logo-sud-ouest-1024x923.jpg 1024w, https:\/\/www.claude-arnaud.com\/fr\/wp-content\/uploads\/2013\/07\/logo-sud-ouest.jpg 1217w\" sizes=\"auto, (max-width: 191px) 100vw, 191px\" \/><\/a> <span style=\"color: #008000;\">admirablement \u00e9crite,<\/span> retra\u00e7ant la longue histoire d\u2019un genre litt\u00e9raire,<\/strong> tour \u00e0 tour r\u00e9prouv\u00e9 et pris\u00e9. <strong>Dans cette anthologie \u00e0 la subjectivit\u00e9 parfaitement assum\u00e9e,<\/strong> <strong><span style=\"color: #008000;\">Claude ARNAUD<\/span> \u2013 essayiste, biographe, critique litt\u00e9raire \u2013 <span style=\"color: #008000;\">r\u00e9v\u00e8le le r\u00f4le d\u00e9terminant du portrait et de l\u2019autoportrait dans le tropisme<\/span><\/strong><span style=\"color: #000000;\"><strong> individualiste et l\u2019\u00e9volution de la soci\u00e9t\u00e9<\/strong><\/span>. S\u2019en tenant presque exclusivement \u00e0 des textes \u00e9crits en\u00a0 langue fran\u00e7aise, il en a collect\u00e9 pr\u00e8s de cinq cent, issus de m\u00e9moires, romans, po\u00e9sies, fables, maximes (&#8230;) <strong>Il faut saluer l\u2019entreprise ardue, l\u2019immense labeur que repr\u00e9sente cette somme. <span style=\"color: #008000;\">Tout comme la finesse des analyses magnifi\u00e9es par l\u2019\u00e9l\u00e9gance de l\u2019\u00e9criture.<\/span><\/strong> <strong>Aucun esprit de c\u00e9l\u00e9bration compass\u00e9e. <span style=\"color: #008000;\">En surface,\u00a0 tous ces textes sont dissemblables, en profondeur ils communiquent par cette volont\u00e9 de s\u2019approcher de l\u2019\u00e9nigme.<\/span><\/strong> <strong>La chose se retire \u00e0 mesure\u00a0 qu\u2019on l\u2019approche.<\/strong> <strong><span style=\"color: #008000;\">Inlassable<\/span> qu\u00eate que <span style=\"color: #008000;\">Claude ARNAUD<\/span> nous donne \u00e0 entendre dans sa belle m\u00e9lop\u00e9e. <span style=\"color: #008000;\">Chapeau bas.\u00a0\u00bb<\/span><\/strong><\/p>\n<p><strong><\/strong>Pour d\u00e9couvrir cet article <a href=\"http:\/\/www.claude-arnaud.com\/fr\/wp-content\/uploads\/2018\/01\/SUD-OUEST.pdf\">in extenso<\/a>&#8230;<\/p>\n<p>Pour trouver<a title=\"interforum\" href=\"https:\/\/www.interforum.fr\/Affiliations\/accueil.do?refLivre=9782221132098&amp;refEditeur=135&amp;type=P&amp;popin=1\" target=\"_blank\"><em><strong>\u00a0PORTRAITS CRACHES<\/strong><\/em>\u00a0en librairie<\/a>&#8230;<\/p>\n<p>(<em>ph. Hannah Assouline<\/em>)<\/p>\n","protected":false},"excerpt":{"rendered":"<p>\u00ab\u00a0L\u2019in\u00e9l\u00e9gance du titre se fait vite oublier, \u00e9crit dans le SUD-OUEST Dimanche du 6 d\u00e9cembre 2017 Isabelle BUNISSET, en \u00e9voquant la parution de PORTRAITS CRACHES, un tr\u00e9sor litt\u00e9raire, de Montaigne \u00e0 Houellebecq (BOUQUINS Robert Laffont). D\u00e8s la pr\u00e9face, admirablement \u00e9crite, retra\u00e7ant la longue histoire d\u2019un genre litt\u00e9raire, tour \u00e0 tour r\u00e9prouv\u00e9 et pris\u00e9. Dans cette [&hellip;]<\/p>\n","protected":false},"author":2,"featured_media":0,"comment_status":"open","ping_status":"open","sticky":false,"template":"","format":"standard","meta":{"footnotes":""},"categories":[4],"tags":[],"class_list":["post-8495","post","type-post","status-publish","format-standard","hentry","category-articles","count-0","even alt","author-claude-arnaud","last"],"post_mailing_queue_ids":[],"_links":{"self":[{"href":"https:\/\/www.claude-arnaud.com\/fr\/wp-json\/wp\/v2\/posts\/8495","targetHints":{"allow":["GET"]}}],"collection":[{"href":"https:\/\/www.claude-arnaud.com\/fr\/wp-json\/wp\/v2\/posts"}],"about":[{"href":"https:\/\/www.claude-arnaud.com\/fr\/wp-json\/wp\/v2\/types\/post"}],"author":[{"embeddable":true,"href":"https:\/\/www.claude-arnaud.com\/fr\/wp-json\/wp\/v2\/users\/2"}],"replies":[{"embeddable":true,"href":"https:\/\/www.claude-arnaud.com\/fr\/wp-json\/wp\/v2\/comments?post=8495"}],"version-history":[{"count":11,"href":"https:\/\/www.claude-arnaud.com\/fr\/wp-json\/wp\/v2\/posts\/8495\/revisions"}],"predecessor-version":[{"id":9138,"href":"https:\/\/www.claude-arnaud.com\/fr\/wp-json\/wp\/v2\/posts\/8495\/revisions\/9138"}],"wp:attachment":[{"href":"https:\/\/www.claude-arnaud.com\/fr\/wp-json\/wp\/v2\/media?parent=8495"}],"wp:term":[{"taxonomy":"category","embeddable":true,"href":"https:\/\/www.claude-arnaud.com\/fr\/wp-json\/wp\/v2\/categories?post=8495"},{"taxonomy":"post_tag","embeddable":true,"href":"https:\/\/www.claude-arnaud.com\/fr\/wp-json\/wp\/v2\/tags?post=8495"}],"curies":[{"name":"wp","href":"https:\/\/api.w.org\/{rel}","templated":true}]}}