{"id":8283,"date":"2017-11-23T12:46:05","date_gmt":"2017-11-23T12:46:05","guid":{"rendered":"http:\/\/www.claude-arnaud.com\/fr\/?p=8283"},"modified":"2021-03-04T14:30:04","modified_gmt":"2021-03-04T13:30:04","slug":"sur-la-petite-danseuse-de-camille-laurens","status":"publish","type":"post","link":"https:\/\/www.claude-arnaud.com\/fr\/archives\/8283","title":{"rendered":"Sur \u00ab\u00a0La petite danseuse\u00a0\u00bb de Camille LAURENS"},"content":{"rendered":"<p><a href=\"http:\/\/www.claude-arnaud.com\/fr\/wp-content\/uploads\/2010\/08\/images2.jpg\"><img loading=\"lazy\" decoding=\"async\" class=\"alignleft size-full wp-image-1438\" title=\"images\" src=\"http:\/\/www.claude-arnaud.com\/fr\/wp-content\/uploads\/2010\/08\/images2.jpg\" alt=\"\" width=\"140\" height=\"40\" \/><\/a><strong>LE POINT n\u00b0 2359<\/strong>, dat\u00e9 du jeudi 23 <strong><span style=\"color: #008000;\">nov<\/span><\/strong><span style=\"color: #008000;\"><strong>embre 2017, publie un article de\u00a0<strong>CLAUDE\u00a0<\/strong>ARNAUD<\/strong><\/span> sur le dernier livre de <strong>CAMILLE LAURENS<\/strong>, <span style=\"color: #008000;\"><em><strong>La petite danseuse de quatorze ans<\/strong><\/em><\/span>, intitul\u00e9 \u00a0\u00bb <strong>Camille et le petit rat\u00a0<\/strong>\u00a0\u00bb (\u00e9d. STOCK). La br\u00e8ve existence du tout jeune <a href=\"http:\/\/www.claude-arnaud.com\/fr\/wp-content\/uploads\/2017\/10\/largeportrait_8c470694.gif\"><img loading=\"lazy\" decoding=\"async\" class=\"alignleft  wp-image-8323\" title=\"largeportrait_8c470694\" src=\"http:\/\/www.claude-arnaud.com\/fr\/wp-content\/uploads\/2017\/10\/largeportrait_8c470694.gif\" alt=\"\" width=\"136\" height=\"136\" srcset=\"https:\/\/www.claude-arnaud.com\/fr\/wp-content\/uploads\/2017\/10\/largeportrait_8c470694.gif 150w, https:\/\/www.claude-arnaud.com\/fr\/wp-content\/uploads\/2017\/10\/largeportrait_8c470694-48x48.gif 48w\" sizes=\"auto, (max-width: 136px) 100vw, 136px\" \/><\/a>mod\u00e8le qui posa pour <span style=\"color: #008000;\"><strong>DEGAS<\/strong><\/span>, lequel en fit la seule sculpture qu&rsquo;il montra jamais au public, fait le coeur de ce r\u00e9crit touchant, \u00e9crit \u00e0 six mains. Pour lire <a href=\"https:\/\/www.lepoint.fr\/livres\/camille-laurens-et-le-petit-rat-de-degas-25-11-2017-2174989_37.php\" target=\"_blank\" rel=\"noopener\">cet article sur le site du Point&#8230;.<\/a><\/p>\n<p><img loading=\"lazy\" decoding=\"async\" class=\"alignright  wp-image-8284\" title=\"images\" src=\"http:\/\/www.claude-arnaud.com\/fr\/wp-content\/uploads\/2017\/11\/images.jpeg\" alt=\"\" width=\"182\" height=\"121\" \/>ou en <a href=\"http:\/\/www.claude-arnaud.com\/fr\/wp-content\/uploads\/2017\/11\/Laurens-3.pdf\">version papier<\/a><\/p>\n","protected":false},"excerpt":{"rendered":"<p>LE POINT n\u00b0 2359, dat\u00e9 du jeudi 23 novembre 2017, publie un article de\u00a0CLAUDE\u00a0ARNAUD sur le dernier livre de CAMILLE LAURENS, La petite danseuse de quatorze ans, intitul\u00e9 \u00a0\u00bb Camille et le petit rat\u00a0\u00a0\u00bb (\u00e9d. STOCK). La br\u00e8ve existence du tout jeune mod\u00e8le qui posa pour DEGAS, lequel en fit la seule sculpture qu&rsquo;il montra [&hellip;]<\/p>\n","protected":false},"author":2,"featured_media":0,"comment_status":"open","ping_status":"open","sticky":false,"template":"","format":"standard","meta":{"footnotes":""},"categories":[3],"tags":[],"class_list":["post-8283","post","type-post","status-publish","format-standard","hentry","category-livres","count-0","even alt","author-claude-arnaud","last"],"post_mailing_queue_ids":[],"_links":{"self":[{"href":"https:\/\/www.claude-arnaud.com\/fr\/wp-json\/wp\/v2\/posts\/8283","targetHints":{"allow":["GET"]}}],"collection":[{"href":"https:\/\/www.claude-arnaud.com\/fr\/wp-json\/wp\/v2\/posts"}],"about":[{"href":"https:\/\/www.claude-arnaud.com\/fr\/wp-json\/wp\/v2\/types\/post"}],"author":[{"embeddable":true,"href":"https:\/\/www.claude-arnaud.com\/fr\/wp-json\/wp\/v2\/users\/2"}],"replies":[{"embeddable":true,"href":"https:\/\/www.claude-arnaud.com\/fr\/wp-json\/wp\/v2\/comments?post=8283"}],"version-history":[{"count":11,"href":"https:\/\/www.claude-arnaud.com\/fr\/wp-json\/wp\/v2\/posts\/8283\/revisions"}],"predecessor-version":[{"id":12901,"href":"https:\/\/www.claude-arnaud.com\/fr\/wp-json\/wp\/v2\/posts\/8283\/revisions\/12901"}],"wp:attachment":[{"href":"https:\/\/www.claude-arnaud.com\/fr\/wp-json\/wp\/v2\/media?parent=8283"}],"wp:term":[{"taxonomy":"category","embeddable":true,"href":"https:\/\/www.claude-arnaud.com\/fr\/wp-json\/wp\/v2\/categories?post=8283"},{"taxonomy":"post_tag","embeddable":true,"href":"https:\/\/www.claude-arnaud.com\/fr\/wp-json\/wp\/v2\/tags?post=8283"}],"curies":[{"name":"wp","href":"https:\/\/api.w.org\/{rel}","templated":true}]}}