{"id":8113,"date":"2017-11-01T17:59:18","date_gmt":"2017-11-01T17:59:18","guid":{"rendered":"http:\/\/www.claude-arnaud.com\/fr\/?p=8113"},"modified":"2021-01-28T17:08:04","modified_gmt":"2021-01-28T16:08:04","slug":"portaits-craches-dans-le-magazine-litteraire","status":"publish","type":"post","link":"https:\/\/www.claude-arnaud.com\/fr\/archives\/8113","title":{"rendered":"\u00ab\u00a0PORTAITS CRACHES\u00a0\u00bb dans LE MAGAZINE LITTERAIRE"},"content":{"rendered":"<div>\n<div>\n<div><strong><a href=\"http:\/\/www.claude-arnaud.com\/fr\/wp-content\/uploads\/2017\/11\/MagazineLitteraire_02049_585et586_1711_1712_171026_116p_Spinoza_Couverture_0.jpg\"><img loading=\"lazy\" decoding=\"async\" class=\"alignleft  wp-image-8116\" title=\"MagazineLitteraire_02049_585et586_1711_1712_171026_116p_Spinoza_Couverture_0\" src=\"http:\/\/www.claude-arnaud.com\/fr\/wp-content\/uploads\/2017\/11\/MagazineLitteraire_02049_585et586_1711_1712_171026_116p_Spinoza_Couverture_0-223x300.jpg\" alt=\"\" width=\"131\" height=\"177\" srcset=\"https:\/\/www.claude-arnaud.com\/fr\/wp-content\/uploads\/2017\/11\/MagazineLitteraire_02049_585et586_1711_1712_171026_116p_Spinoza_Couverture_0-223x300.jpg 223w, https:\/\/www.claude-arnaud.com\/fr\/wp-content\/uploads\/2017\/11\/MagazineLitteraire_02049_585et586_1711_1712_171026_116p_Spinoza_Couverture_0.jpg 599w\" sizes=\"auto, (max-width: 131px) 100vw, 131px\" \/><\/a>Dans le chapeau d&rsquo;un article intitul\u00e9<\/strong> <span style=\"color: #008000;\"><strong>Gueules d&rsquo;anthologie<\/strong><\/span>,<strong>Le Magazine litt\u00e9raire n\u00b0 58<\/strong>, dat\u00e9 du mois de novembre 2017, \u00e9voque<a href=\"http:\/\/www.claude-arnaud.com\/fr\/wp-content\/uploads\/2015\/09\/Le_magazine_litteraire.jpg\"><img loading=\"lazy\" decoding=\"async\" class=\"alignright size-full wp-image-6091\" title=\"Le_magazine_litteraire\" src=\"http:\/\/www.claude-arnaud.com\/fr\/wp-content\/uploads\/2015\/09\/Le_magazine_litteraire.jpg\" alt=\"\" width=\"363\" height=\"64\" srcset=\"https:\/\/www.claude-arnaud.com\/fr\/wp-content\/uploads\/2015\/09\/Le_magazine_litteraire.jpg 363w, https:\/\/www.claude-arnaud.com\/fr\/wp-content\/uploads\/2015\/09\/Le_magazine_litteraire-300x52.jpg 300w\" sizes=\"auto, (max-width: 363px) 100vw, 363px\" \/><\/a><em><strong>\u00ab\u00a0<span style=\"color: #008000;\">une somme magistrale sur l&rsquo;art du portrait en litt\u00e9rature<\/span> <\/strong>: une anthologie des plus grandes plumes en la mati\u00e8re (<strong>de Montaigne \u00e0 nos jours<\/strong>), mais aussi une histoire du genre <span style=\"color: #008000;\"><strong>qui dit beaucoup sur l&rsquo;\u00e9criture \u00e0 la fran\u00e7aise<\/strong><\/span>.\u00a0\u00bb<\/em><\/div>\n<\/div>\n<\/div>\n<p>\u00ab\u00a0En 2006, \u00e9crit <strong><span style=\"color: #008000;\">Camille Thomine<\/span>, Claude ARNAUD se demandait <em>Qui dit je en nous ?<\/em> dans un essai sur la fabrique de l&rsquo;identit\u00e9 o\u00f9 d\u00e9filaient <span style=\"color: #008000;\">cas d&rsquo;impostures et personnalit\u00e9s flottantes. <\/span>Quelques ann\u00e9es plus tard, dans <em>Qu&rsquo;as-tu fait de tes fr\u00e8res<\/em> et <span style=\"color: #008000;\"><em>Je ne voulais pas \u00eatre moi,<\/em> <\/span><\/strong>il d\u00e9voilait sa propre multiplicit\u00e9 : l&rsquo;enfance \u00e0 l&rsquo;ombre d&rsquo;a\u00een\u00e9s intransigeants et bien tremp\u00e9s et le d\u00e9sir d&rsquo;endosser \u00e0 rebours plusieurs existences. <span style=\"color: #008000;\"><strong>Repousser les limites du moi et s&rsquo;autoriser, \u00e0 chaque impasse existentielle, un pas de c\u00f4t\u00e9 salvateur.<\/strong><\/span> Rien d&rsquo;\u00e9tonnant, donc, \u00e0 le voir signer en cette rentr\u00e9e <strong>une dense anthologie du portrait, <span style=\"color: #008000;\">genre par excellence de la construction de soi<\/span> (&#8230;) \u00ab\u00a0Cam\u00e9l\u00e9on\u00a0\u00bb de nature, <span style=\"color: #008000;\">Claude ARNAUD glisse avec d\u00e9lice<\/span> du r\u00e9el \u00e0 la <span style=\"color: #008000;\">fiction<\/span>, de la pommade au <span style=\"color: #008000;\">pugilat<\/span> et du grand auteur au <span style=\"color: #008000;\">confidentiel<\/span>&#8230; si bien qu&rsquo;on peut tout autant <span style=\"color: #008000;\">piocher au hasard du volume<\/span> que se laisser porter par l&rsquo;encha\u00eenement souple <span style=\"color: #008000;\">et quasi narratif des effigies (<\/span>&#8230;)<span style=\"color: #008000;\">\u00a0 \u00a0 \u00a0 \u00a0 <\/span><\/strong><\/p>\n<p><strong><span style=\"color: #008000;\">\u00a0<strong>La r\u00e9ussite de cette anthologie, plac\u00e9e sous le signe de l&rsquo;ouverture,\u00a0de la curiosit\u00e9\u00a0et de la joie,\u00a0conclue Camille THOMINE, tient \u00e0 ces jeux picassiens de miroirs et de collages qui t\u00e9moignent de la vitalit\u00e9 de la litt\u00e9rature&#8230; mais aussi\u00a0au plaisir contagieux de\u00a0Claude ARNAUD, dont les qualit\u00e9s de lecteur se doublent d&rsquo;un don certain pour le croquis.\u00a0A chaque page on est frapp\u00e9 par la finesse de l&rsquo;analyse, l&rsquo;\u00e0-propos des citations et la saveur de m\u00e9taphores&#8230;\u00a0\u00bb<\/strong><\/span><a href=\"http:\/\/www.claude-arnaud.com\/fr\/wp-content\/uploads\/2017\/09\/Couv.-final.jpg\"><img loading=\"lazy\" decoding=\"async\" class=\"alignright  wp-image-7930\" title=\"Couv. final\" src=\"http:\/\/www.claude-arnaud.com\/fr\/wp-content\/uploads\/2017\/09\/Couv.-final-199x300.jpg\" alt=\"\" width=\"139\" height=\"210\" srcset=\"https:\/\/www.claude-arnaud.com\/fr\/wp-content\/uploads\/2017\/09\/Couv.-final-199x300.jpg 199w, https:\/\/www.claude-arnaud.com\/fr\/wp-content\/uploads\/2017\/09\/Couv.-final-682x1024.jpg 682w, https:\/\/www.claude-arnaud.com\/fr\/wp-content\/uploads\/2017\/09\/Couv.-final.jpg 1559w\" sizes=\"auto, (max-width: 139px) 100vw, 139px\" \/><\/a><\/strong><\/p>\n<p><strong>Pour lire <a href=\"http:\/\/www.claude-arnaud.com\/fr\/wp-content\/uploads\/2017\/11\/LE-MAGAZINE-LITTERAIRE.pdf\">L&rsquo;int\u00e9gralit\u00e9 de cet article&#8230;<\/a><br \/>\n<\/strong><\/p>\n<p><strong><strong>Pour voir la r\u00e9ception que ce livre re\u00e7oit<\/strong> <a title=\"p c en f\" href=\"http:\/\/www.claude-arnaud.com\/fr\/essais\/portraits-craches\/portraits-craches-en-france\">en FRANCE<\/a>\u2026 Et \u00e0 <a title=\"p c abroad\" href=\"http:\/\/www.claude-arnaud.com\/fr\/essais\/portraits-craches\/portraits-craches-abroad-a-letranger\">l\u2019ETRANGER<\/a>\u2026<\/strong><\/p>\n<p><span style=\"color: #008000;\"><strong><strong>Pour commander<\/strong> <strong><em>PORTRAITS CRACHES<\/em> <\/strong><a title=\"fnac\" href=\"https:\/\/livre.fnac.com\/a10624021\/Claude-Arnaud-Portraits-craches#int=NonApplicable%7C10624021%7CNonApplicable%7CL1\" target=\"_blank\" rel=\"noopener\">via la FNAC<\/a>\u2026 <strong>ou via le site<\/strong> <a title=\"Librairie de Paris\" href=\"http:\/\/www.librairie-de-paris.fr\/9782221132098-portraits-craches-un-tresor-litteraire-de-montaigne-a-houellebecq-claude-arnaud\/\" target=\"_blank\" rel=\"noopener\">LIBRAIRIE DE PARIS<\/a>\u2026<br \/>\n<\/strong><\/span><\/p>\n<p><strong><a title=\"interforum\" href=\"https:\/\/www.interforum.fr\/Affiliations\/accueil.do?refLivre=9782221132098&amp;refEditeur=135&amp;type=P&amp;popin=1\" target=\"_blank\" rel=\"noopener\">ET ENCORE<\/a>&#8230;<br \/>\n<\/strong><\/p>\n","protected":false},"excerpt":{"rendered":"<p>Dans le chapeau d&rsquo;un article intitul\u00e9 Gueules d&rsquo;anthologie,Le Magazine litt\u00e9raire n\u00b0 58, dat\u00e9 du mois de novembre 2017, \u00e9voque\u00ab\u00a0une somme magistrale sur l&rsquo;art du portrait en litt\u00e9rature : une anthologie des plus grandes plumes en la mati\u00e8re (de Montaigne \u00e0 nos jours), mais aussi une histoire du genre qui dit beaucoup sur l&rsquo;\u00e9criture \u00e0 la [&hellip;]<\/p>\n","protected":false},"author":2,"featured_media":0,"comment_status":"open","ping_status":"open","sticky":false,"template":"","format":"standard","meta":{"footnotes":""},"categories":[4],"tags":[],"class_list":["post-8113","post","type-post","status-publish","format-standard","hentry","category-articles","count-0","even alt","author-claude-arnaud","last"],"post_mailing_queue_ids":[],"_links":{"self":[{"href":"https:\/\/www.claude-arnaud.com\/fr\/wp-json\/wp\/v2\/posts\/8113","targetHints":{"allow":["GET"]}}],"collection":[{"href":"https:\/\/www.claude-arnaud.com\/fr\/wp-json\/wp\/v2\/posts"}],"about":[{"href":"https:\/\/www.claude-arnaud.com\/fr\/wp-json\/wp\/v2\/types\/post"}],"author":[{"embeddable":true,"href":"https:\/\/www.claude-arnaud.com\/fr\/wp-json\/wp\/v2\/users\/2"}],"replies":[{"embeddable":true,"href":"https:\/\/www.claude-arnaud.com\/fr\/wp-json\/wp\/v2\/comments?post=8113"}],"version-history":[{"count":16,"href":"https:\/\/www.claude-arnaud.com\/fr\/wp-json\/wp\/v2\/posts\/8113\/revisions"}],"predecessor-version":[{"id":11565,"href":"https:\/\/www.claude-arnaud.com\/fr\/wp-json\/wp\/v2\/posts\/8113\/revisions\/11565"}],"wp:attachment":[{"href":"https:\/\/www.claude-arnaud.com\/fr\/wp-json\/wp\/v2\/media?parent=8113"}],"wp:term":[{"taxonomy":"category","embeddable":true,"href":"https:\/\/www.claude-arnaud.com\/fr\/wp-json\/wp\/v2\/categories?post=8113"},{"taxonomy":"post_tag","embeddable":true,"href":"https:\/\/www.claude-arnaud.com\/fr\/wp-json\/wp\/v2\/tags?post=8113"}],"curies":[{"name":"wp","href":"https:\/\/api.w.org\/{rel}","templated":true}]}}