{"id":776,"date":"2009-12-07T14:48:33","date_gmt":"2009-12-07T14:48:33","guid":{"rendered":"http:\/\/www.claude-arnaud.com\/fr\/?p=776"},"modified":"2016-11-01T17:09:34","modified_gmt":"2016-11-01T17:09:34","slug":"sur-cioran-et-litalie","status":"publish","type":"post","link":"https:\/\/www.claude-arnaud.com\/fr\/archives\/776","title":{"rendered":"Sur Cioran et l\u2019Italie"},"content":{"rendered":"<p><a href=\"http:\/\/www.claude-arnaud.com\/fr\/wp-content\/uploads\/2009\/12\/images-5.jpg\"><img loading=\"lazy\" decoding=\"async\" class=\"alignleft size-full wp-image-1388\" title=\"images-5\" src=\"http:\/\/www.claude-arnaud.com\/fr\/wp-content\/uploads\/2009\/12\/images-5.jpg\" alt=\"\" width=\"121\" height=\"97\" \/><\/a>Le <strong>mardi 15 d\u00e9cembre 2009<\/strong>, <span style=\"color: #008000;\"><span style=\"color: #000000;\">\u00e0 18.00, <\/span><\/span><strong><span style=\"color: #008000;\">CLAUDE ARNAUD<\/span><\/strong> a pr\u00e9sent\u00e9 \u00e0 <strong>l&rsquo;INSTITUT CULTUREL ITALIEN <\/strong><em>Cioran dans mes souvenirs<\/em>, un livre de <strong><span style=\"color: #008000;\">Mario Andrea RIGONI, <span style=\"color: #008000;\"><span style=\"color: #000000;\">en compagnie de <\/span>Laurent de SUTTER et Michel ORCEL <span style=\"color: #000000;\">(H\u00f4tel de Gallifet, 50 rue de Varennes, 75007)<\/span><\/span><\/span><\/strong><\/p>\n<p><strong><span style=\"color: #008000;\"><span style=\"color: #008000;\"><span style=\"color: #000000;\"><br \/>\n<\/span><\/span><\/span><\/strong><\/p>\n","protected":false},"excerpt":{"rendered":"<p>Le mardi 15 d\u00e9cembre 2009, \u00e0 18.00, CLAUDE ARNAUD a pr\u00e9sent\u00e9 \u00e0 l&rsquo;INSTITUT CULTUREL ITALIEN Cioran dans mes souvenirs, un livre de Mario Andrea RIGONI, en compagnie de Laurent de SUTTER et Michel ORCEL (H\u00f4tel de Gallifet, 50 rue de Varennes, 75007)<\/p>\n","protected":false},"author":2,"featured_media":0,"comment_status":"open","ping_status":"open","sticky":false,"template":"","format":"standard","meta":{"footnotes":""},"categories":[6],"tags":[],"class_list":["post-776","post","type-post","status-publish","format-standard","hentry","category-evenements","count-0","even alt","author-claude-arnaud","last"],"post_mailing_queue_ids":[],"_links":{"self":[{"href":"https:\/\/www.claude-arnaud.com\/fr\/wp-json\/wp\/v2\/posts\/776","targetHints":{"allow":["GET"]}}],"collection":[{"href":"https:\/\/www.claude-arnaud.com\/fr\/wp-json\/wp\/v2\/posts"}],"about":[{"href":"https:\/\/www.claude-arnaud.com\/fr\/wp-json\/wp\/v2\/types\/post"}],"author":[{"embeddable":true,"href":"https:\/\/www.claude-arnaud.com\/fr\/wp-json\/wp\/v2\/users\/2"}],"replies":[{"embeddable":true,"href":"https:\/\/www.claude-arnaud.com\/fr\/wp-json\/wp\/v2\/comments?post=776"}],"version-history":[{"count":6,"href":"https:\/\/www.claude-arnaud.com\/fr\/wp-json\/wp\/v2\/posts\/776\/revisions"}],"predecessor-version":[{"id":7115,"href":"https:\/\/www.claude-arnaud.com\/fr\/wp-json\/wp\/v2\/posts\/776\/revisions\/7115"}],"wp:attachment":[{"href":"https:\/\/www.claude-arnaud.com\/fr\/wp-json\/wp\/v2\/media?parent=776"}],"wp:term":[{"taxonomy":"category","embeddable":true,"href":"https:\/\/www.claude-arnaud.com\/fr\/wp-json\/wp\/v2\/categories?post=776"},{"taxonomy":"post_tag","embeddable":true,"href":"https:\/\/www.claude-arnaud.com\/fr\/wp-json\/wp\/v2\/tags?post=776"}],"curies":[{"name":"wp","href":"https:\/\/api.w.org\/{rel}","templated":true}]}}