{"id":7686,"date":"2017-05-23T11:12:59","date_gmt":"2017-05-23T11:12:59","guid":{"rendered":"http:\/\/www.claude-arnaud.com\/fr\/?p=7686"},"modified":"2021-06-05T13:13:36","modified_gmt":"2021-06-05T12:13:36","slug":"pereire-dans-artpress","status":"publish","type":"post","link":"https:\/\/www.claude-arnaud.com\/fr\/archives\/7686","title":{"rendered":"A popos de Pereire, dans Artpress \/ About Emmanuel Pereire, in Artpress"},"content":{"rendered":"<p><strong><a href=\"http:\/\/www.claude-arnaud.com\/fr\/wp-content\/uploads\/2016\/07\/255px-Flag_of_France.svg_.png\"><img loading=\"lazy\" decoding=\"async\" class=\"alignleft  wp-image-6826\" title=\"255px-Flag_of_France.svg\" src=\"http:\/\/www.claude-arnaud.com\/fr\/wp-content\/uploads\/2016\/07\/255px-Flag_of_France.svg_.png\" alt=\"\" width=\"44\" height=\"29\" \/><\/a>Dans son num\u00e9ro 445<\/strong>, dat\u00e9 du mois de juin 2017, <strong>ARTPRESS<\/strong> publie un texte de <span style=\"color: #008000;\"><strong>CLAUDE ARNAUD<\/strong><\/span> consacr\u00e9 \u00e0 <a href=\"http:\/\/www.claude-arnaud.com\/fr\/wp-content\/uploads\/2017\/05\/445-COUV-90x130.jpg\"><img loading=\"lazy\" decoding=\"async\" class=\"alignright  wp-image-7688\" title=\"445-COUV-90x130\" src=\"http:\/\/www.claude-arnaud.com\/fr\/wp-content\/uploads\/2017\/05\/445-COUV-90x130.jpg\" alt=\"\" width=\"160\" height=\"231\" \/><\/a> l&rsquo;exposition\u00a0 que le <span style=\"color: #008000;\"><strong>FRAC des Pays de la Loire consacre au travail d&rsquo;<strong>Emmanuel PEREIRE<\/strong>, \u00e0 Carquefou, pr\u00e8s de Nantes<\/strong><\/span> (visible jusqu&rsquo;au 31 mai). \u00ab\u00a0<strong>Toute une vie de peinture visible en un quart d\u2019heure<\/strong>\u00a0; une \u0153uvre aux mille pi\u00e8ces r\u00e9sum\u00e9e \u00e0 trente-cinq toiles, et dans un seul espace.<span style=\"color: #008000;\"><strong> Exhum\u00e9 des r\u00e9serves de Carquefou, un cr\u00e9ateur ressort des limbes comme neuf, \u00a0vingt-cinq ans apr\u00e8s sa mort<\/strong><\/span> : tout semble surgir ici de l\u2019atelier, comme si <strong>Emmanuel Pereire<\/strong> (1930-1992) continuait d\u2019\u0153uvrer, dans la r\u00e9sidence o\u00f9 le <strong><span style=\"color: #008000;\">Frac des Pays de la Loire accueille ses artistes<\/span><\/strong>, sur ce m\u00eame site voisin de Nantes&#8230;\u00a0\u00bb<\/p>\n<p>Pour d\u00e9couvrir <a title=\"artpress\" href=\"https:\/\/www.artpress.com\/2017\/05\/22\/sommaire-du-n445-juin-2017\/\" target=\"_blank\" rel=\"noopener\">le sommaire de ce num\u00e9ro<\/a>&#8230; Pour lire <a title=\"pressreader\" href=\"https:\/\/www.pressreader.com\/france\/art-press\/20170521\/282776356478090\" target=\"_blank\" rel=\"noopener\">cet article<\/a>&#8230; Ou <a href=\"http:\/\/www.claude-arnaud.com\/fr\/archives\/7686\/artpress-pereire-jpeg\" rel=\"attachment wp-att-11900\">encore<\/a>&#8230;Pour avoir un aper\u00e7u <a href=\"https:\/\/www.cnap.fr\/emmanuel-pereire-presente-par-thomas-huber\" target=\"_blank\" rel=\"noopener\">de cette exposition<\/a>&#8230;<\/p>\n<p><a href=\"http:\/\/www.claude-arnaud.com\/fr\/wp-content\/uploads\/2017\/05\/Carquefou-446-68-mm-.jpg\"><img loading=\"lazy\" decoding=\"async\" class=\"alignleft size-medium wp-image-7687\" title=\"Carquefou-446-68-mm-\" src=\"http:\/\/www.claude-arnaud.com\/fr\/wp-content\/uploads\/2017\/05\/Carquefou-446-68-mm--200x300.jpg\" alt=\"\" width=\"200\" height=\"300\" srcset=\"https:\/\/www.claude-arnaud.com\/fr\/wp-content\/uploads\/2017\/05\/Carquefou-446-68-mm--200x300.jpg 200w, https:\/\/www.claude-arnaud.com\/fr\/wp-content\/uploads\/2017\/05\/Carquefou-446-68-mm-.jpg 537w\" sizes=\"auto, (max-width: 200px) 100vw, 200px\" \/><\/a><strong><span style=\"color: #008000;\">Le FRAC de CARQUEFOU<\/span><\/strong> montrera, du 1\u00a0 juillet au 15 octobre 2017, une s\u00e9lection de travaux d&rsquo;<strong>Emmanuel PEREIRE<\/strong>, intitul\u00e9e \u00ab\u00a0<strong><span style=\"color: #008000;\">Emmanuel Pereire,\u00a0<\/span>Inventaire\u00a0de petits m\u00e9langes vari\u00e9s<\/strong>\u00ab\u00a0. <span style=\"color: #008000;\">Ouvert du mercredi au dimanche, 14h \u00e0 18h<\/span>, visite comment\u00e9e, dimanche \u00e0 16h. <span style=\"color: #008000;\"><strong>Entr\u00e9e libre.<\/strong><\/span> Pour <a href=\"https:\/\/www.cnap.fr\/emmanuel-pereire-inventaire-de-petits-melanges-varies\" target=\"_blank\" rel=\"noopener\">en savoir plus<\/a>&#8230;<\/p>\n<p>Pour voir et entendre <strong>la jeune restauratrice<\/strong> qui pr\u00e9pare <a title=\"youtube\" href=\"https:\/\/www.youtube.com\/watch?v=u1QHFGVNF8U\" target=\"_blank\" rel=\"noopener\">cette exposition<\/a>&#8230;<\/p>\n<p><a href=\"http:\/\/www.claude-arnaud.com\/fr\/wp-content\/uploads\/2016\/01\/gb_drapeau.gif\"><img loading=\"lazy\" decoding=\"async\" class=\"alignleft  wp-image-6384\" title=\"gb_drapeau\" src=\"http:\/\/www.claude-arnaud.com\/fr\/wp-content\/uploads\/2016\/01\/gb_drapeau-300x149.gif\" alt=\"\" width=\"67\" height=\"33\" srcset=\"https:\/\/www.claude-arnaud.com\/fr\/wp-content\/uploads\/2016\/01\/gb_drapeau-300x149.gif 300w, https:\/\/www.claude-arnaud.com\/fr\/wp-content\/uploads\/2016\/01\/gb_drapeau.gif 385w\" sizes=\"auto, (max-width: 67px) 100vw, 67px\" \/><\/a>*<strong>ARTPRESS<\/strong> publishes, in its <span style=\"color: #008000;\"><strong>445th issue<\/strong><\/span> (june 2017), a text by<a href=\"http:\/\/www.claude-arnaud.com\/fr\/wp-content\/uploads\/2018\/09\/largeportrait_8c470694.jpg\"><img loading=\"lazy\" decoding=\"async\" class=\"alignright size-full wp-image-9356\" title=\"largeportrait_8c470694\" src=\"http:\/\/www.claude-arnaud.com\/fr\/wp-content\/uploads\/2018\/09\/largeportrait_8c470694.jpg\" alt=\"\" width=\"150\" height=\"150\" srcset=\"https:\/\/www.claude-arnaud.com\/fr\/wp-content\/uploads\/2018\/09\/largeportrait_8c470694.jpg 150w, https:\/\/www.claude-arnaud.com\/fr\/wp-content\/uploads\/2018\/09\/largeportrait_8c470694-48x48.jpg 48w\" sizes=\"auto, (max-width: 150px) 100vw, 150px\" \/><\/a> <strong>CLAUDE ARNAUD<\/strong> about the exhibition dedicated to <span style=\"color: #008000;\"><strong>Emmanuel PEREIRE<\/strong><\/span> by the <strong>FRAC des Pays de la Loire in Carquefou, <span style=\"color: #008000;\">closed to Nantes, France<\/span><\/strong> (until may the 31th). \u00ab\u00a0<strong>A painter&rsquo;s whole life before your eyes in a quarter of an hour<\/strong>: <span style=\"color: #008000;\"><strong>a body of work comprising a thousand pieces summoned up in 35 canvases in a single space.<\/strong><\/span> Exhumated from the storerooms in Carquefou,<strong> an artist arises out of limbo as if reborn 25 years\u00a0after his death.<\/strong> <span style=\"color: #008000;\"><strong>Everything here is as fresh as if it just came from the studio of Emmanuel PEREIRE<\/strong><\/span> (1930-1992), as if he were stil at work as one of the artists in residence at the Frac des Pays de la Loire, near Nantes\u00a0\u00bb&#8230;\u00a0<a title=\"artpress\" href=\"https:\/\/www.artpress.com\/2017\/05\/22\/sommaire-du-n445-juin-2017\/\" target=\"_blank\" rel=\"noopener\"> Read the summary of this issue<\/a>&#8230; Read <a title=\"pressreader\" href=\"https:\/\/www.pressreader.com\/france\/art-press\/20170521\/282776356478090\" target=\"_blank\" rel=\"noopener\">this article<\/a>\u00a0(in french <span style=\"color: #008000;\"><strong>and<\/strong><\/span> in english)&#8230;Or <a href=\"http:\/\/www.claude-arnaud.com\/fr\/archives\/7686\/artpress-pereire-jpeg\" rel=\"attachment wp-att-11900\">that way<\/a>&#8230;<\/p>\n<p><strong>From the first of July<\/strong>\u00a0 <span style=\"color: #008000;\"><strong>to the 15th of october 2017<\/strong><\/span>, <strong>a selection of Emmanuel PEREIRE&rsquo; works<\/strong>, <span style=\"color: #008000;\"><strong>untitled<\/strong> <\/span>\u00ab\u00a0<strong>Emmanuel Pereire,\u00a0Inventaire\u00a0de petits m\u00e9langes vari\u00e9s<\/strong>\u00ab\u00a0, <span style=\"color: #008000;\"><strong>will be displayed at CARQUEFOU<\/strong><\/span>. Open from wednesday to sunday, 14-18h. Have a look <a href=\"https:\/\/www.cnap.fr\/emmanuel-pereire-inventaire-de-petits-melanges-varies\" target=\"_blank\" rel=\"noopener\">on this exhibition<\/a>&#8230;<\/p>\n<p>(<strong>Emmanuel Pereire<\/strong>, <em>Chaussure \u00e0 talon aiguille<\/em>, 1991. Collection du Frac des Pays de la Loire. Clich\u00e9 Bernard Renoux.<\/p>\n","protected":false},"excerpt":{"rendered":"<p>Dans son num\u00e9ro 445, dat\u00e9 du mois de juin 2017, ARTPRESS publie un texte de CLAUDE ARNAUD consacr\u00e9 \u00e0 l&rsquo;exposition\u00a0 que le FRAC des Pays de la Loire consacre au travail d&rsquo;Emmanuel PEREIRE, \u00e0 Carquefou, pr\u00e8s de Nantes (visible jusqu&rsquo;au 31 mai). \u00ab\u00a0Toute une vie de peinture visible en un quart d\u2019heure\u00a0; une \u0153uvre aux [&hellip;]<\/p>\n","protected":false},"author":2,"featured_media":0,"comment_status":"open","ping_status":"open","sticky":false,"template":"","format":"standard","meta":{"footnotes":""},"categories":[6],"tags":[],"class_list":["post-7686","post","type-post","status-publish","format-standard","hentry","category-evenements","count-0","even alt","author-claude-arnaud","last"],"post_mailing_queue_ids":[],"_links":{"self":[{"href":"https:\/\/www.claude-arnaud.com\/fr\/wp-json\/wp\/v2\/posts\/7686","targetHints":{"allow":["GET"]}}],"collection":[{"href":"https:\/\/www.claude-arnaud.com\/fr\/wp-json\/wp\/v2\/posts"}],"about":[{"href":"https:\/\/www.claude-arnaud.com\/fr\/wp-json\/wp\/v2\/types\/post"}],"author":[{"embeddable":true,"href":"https:\/\/www.claude-arnaud.com\/fr\/wp-json\/wp\/v2\/users\/2"}],"replies":[{"embeddable":true,"href":"https:\/\/www.claude-arnaud.com\/fr\/wp-json\/wp\/v2\/comments?post=7686"}],"version-history":[{"count":30,"href":"https:\/\/www.claude-arnaud.com\/fr\/wp-json\/wp\/v2\/posts\/7686\/revisions"}],"predecessor-version":[{"id":13349,"href":"https:\/\/www.claude-arnaud.com\/fr\/wp-json\/wp\/v2\/posts\/7686\/revisions\/13349"}],"wp:attachment":[{"href":"https:\/\/www.claude-arnaud.com\/fr\/wp-json\/wp\/v2\/media?parent=7686"}],"wp:term":[{"taxonomy":"category","embeddable":true,"href":"https:\/\/www.claude-arnaud.com\/fr\/wp-json\/wp\/v2\/categories?post=7686"},{"taxonomy":"post_tag","embeddable":true,"href":"https:\/\/www.claude-arnaud.com\/fr\/wp-json\/wp\/v2\/tags?post=7686"}],"curies":[{"name":"wp","href":"https:\/\/api.w.org\/{rel}","templated":true}]}}