{"id":753,"date":"2009-10-26T13:41:45","date_gmt":"2009-10-26T11:41:45","guid":{"rendered":"http:\/\/www.claude-arnaud.com\/fr\/?p=753"},"modified":"2021-02-01T20:13:12","modified_gmt":"2021-02-01T19:13:12","slug":"sur-la-reedition-de-querelle-de-fassbinder","status":"publish","type":"post","link":"https:\/\/www.claude-arnaud.com\/fr\/archives\/753","title":{"rendered":"Sur la r\u00e9\u00e9dition de Querelle, de Fassbinder&#8230;"},"content":{"rendered":"<p><a href=\"http:\/\/www.claude-arnaud.com\/fr\/wp-content\/uploads\/2009\/10\/querelle-dvd.jpg\"><img loading=\"lazy\" decoding=\"async\" class=\"alignleft size-full wp-image-756\" title=\"querelle-dvd\" src=\"http:\/\/www.claude-arnaud.com\/fr\/wp-content\/uploads\/2009\/10\/querelle-dvd.jpg\" alt=\"querelle-dvd\" width=\"120\" height=\"168\" \/><\/a><\/p>\n<p><strong>Le 1er novembre 2009<\/strong> est sorti, chez Gaumont vid\u00e9o, la version int\u00e9grale restaur\u00e9e du <strong><span style=\"color: #008000;\">QUERELLE<\/span><\/strong> de <strong>WERNER FASSBINDER<\/strong>, avec un documentaire de 34 minutes \u00a0\u00bb Le cr\u00e9puscule des corps, Fassbinder chercher Querelle\u00a0\u00bb, o\u00f9 <span style=\"color: #008000;\"><strong>CLAUDE ARNAUD<\/strong><\/span> \u00e9voque l&rsquo;esth\u00e9tique si particuli\u00e8re de ce film, et l&rsquo;extraordinaire travail d&rsquo;adaptation du roman de JEAN GENET.<\/p>\n<p><strong><a href=\"https:\/\/www.gaumont.fr\/fr\/film\/Querelle.html\" target=\"_blank\" rel=\"noopener\">Pour trouver ce DVD<\/a>&#8230;<\/strong><\/p>\n","protected":false},"excerpt":{"rendered":"<p>Le 1er novembre 2009 est sorti, chez Gaumont vid\u00e9o, la version int\u00e9grale restaur\u00e9e du QUERELLE de WERNER FASSBINDER, avec un documentaire de 34 minutes \u00a0\u00bb Le cr\u00e9puscule des corps, Fassbinder chercher Querelle\u00a0\u00bb, o\u00f9 CLAUDE ARNAUD \u00e9voque l&rsquo;esth\u00e9tique si particuli\u00e8re de ce film, et l&rsquo;extraordinaire travail d&rsquo;adaptation du roman de JEAN GENET. Pour trouver ce DVD&#8230;<\/p>\n","protected":false},"author":2,"featured_media":0,"comment_status":"open","ping_status":"open","sticky":false,"template":"","format":"standard","meta":{"footnotes":""},"categories":[7],"tags":[],"class_list":["post-753","post","type-post","status-publish","format-standard","hentry","category-affinites","count-0","even alt","author-claude-arnaud","last"],"post_mailing_queue_ids":[],"_links":{"self":[{"href":"https:\/\/www.claude-arnaud.com\/fr\/wp-json\/wp\/v2\/posts\/753","targetHints":{"allow":["GET"]}}],"collection":[{"href":"https:\/\/www.claude-arnaud.com\/fr\/wp-json\/wp\/v2\/posts"}],"about":[{"href":"https:\/\/www.claude-arnaud.com\/fr\/wp-json\/wp\/v2\/types\/post"}],"author":[{"embeddable":true,"href":"https:\/\/www.claude-arnaud.com\/fr\/wp-json\/wp\/v2\/users\/2"}],"replies":[{"embeddable":true,"href":"https:\/\/www.claude-arnaud.com\/fr\/wp-json\/wp\/v2\/comments?post=753"}],"version-history":[{"count":6,"href":"https:\/\/www.claude-arnaud.com\/fr\/wp-json\/wp\/v2\/posts\/753\/revisions"}],"predecessor-version":[{"id":11811,"href":"https:\/\/www.claude-arnaud.com\/fr\/wp-json\/wp\/v2\/posts\/753\/revisions\/11811"}],"wp:attachment":[{"href":"https:\/\/www.claude-arnaud.com\/fr\/wp-json\/wp\/v2\/media?parent=753"}],"wp:term":[{"taxonomy":"category","embeddable":true,"href":"https:\/\/www.claude-arnaud.com\/fr\/wp-json\/wp\/v2\/categories?post=753"},{"taxonomy":"post_tag","embeddable":true,"href":"https:\/\/www.claude-arnaud.com\/fr\/wp-json\/wp\/v2\/tags?post=753"}],"curies":[{"name":"wp","href":"https:\/\/api.w.org\/{rel}","templated":true}]}}