{"id":7440,"date":"2017-03-02T14:04:04","date_gmt":"2017-03-02T14:04:04","guid":{"rendered":"http:\/\/www.claude-arnaud.com\/fr\/?p=7440"},"modified":"2021-03-04T14:43:21","modified_gmt":"2021-03-04T13:43:21","slug":"michel-tournier-entre-en-pleiade","status":"publish","type":"post","link":"https:\/\/www.claude-arnaud.com\/fr\/archives\/7440","title":{"rendered":"MICHEL TOURNIER en Pl\u00e9iade&#8230;"},"content":{"rendered":"<p><a href=\"http:\/\/www.claude-arnaud.com\/fr\/wp-content\/uploads\/2010\/08\/images2.jpg\"><img loading=\"lazy\" decoding=\"async\" class=\"alignleft size-full wp-image-1438\" title=\"images\" src=\"http:\/\/www.claude-arnaud.com\/fr\/wp-content\/uploads\/2010\/08\/images2.jpg\" alt=\"\" width=\"140\" height=\"40\" \/><\/a>Dans <span style=\"color: #008000;\"><strong>son num\u00e9ro 2321<\/strong><\/span>, dat\u00e9 du <strong>2 mars 2017<\/strong>, <a href=\"http:\/\/www.claude-arnaud.com\/fr\/wp-content\/uploads\/2017\/03\/GI_160118_eg5to_aetd_michel_tournier_sn635-1.jpg\"><img loading=\"lazy\" decoding=\"async\" class=\"alignright  wp-image-7441\" title=\"GI_160118_eg5to_aetd_michel_tournier_sn635-1\" src=\"http:\/\/www.claude-arnaud.com\/fr\/wp-content\/uploads\/2017\/03\/GI_160118_eg5to_aetd_michel_tournier_sn635-1-300x168.jpg\" alt=\"\" width=\"333\" height=\"186\" srcset=\"https:\/\/www.claude-arnaud.com\/fr\/wp-content\/uploads\/2017\/03\/GI_160118_eg5to_aetd_michel_tournier_sn635-1-300x168.jpg 300w, https:\/\/www.claude-arnaud.com\/fr\/wp-content\/uploads\/2017\/03\/GI_160118_eg5to_aetd_michel_tournier_sn635-1.jpg 635w\" sizes=\"auto, (max-width: 333px) 100vw, 333px\" \/><\/a><em><strong>LE POINT<\/strong><\/em> a publi\u00e9 un article de <span style=\"color: #008000;\"><strong>CLAUDE ARNAUD<\/strong><\/span> consacr\u00e9 \u00e0 l&rsquo;\u00e9dition en <strong>Pl\u00e9iade<\/strong> de l&rsquo;oeuvre romanesque de <strong>MICHEL TOURNIER, <\/strong>de<strong><span style=\"color: #008000;\"><em> Vendredi ou les limbes du Pacifiques<\/em><\/span> <\/strong>\u00e0 <em><strong>Gilles et Jeanne, <\/strong><\/em>en passant par<span style=\"color: #008000;\"> <em><strong>Les<\/strong><\/em><em><strong> M\u00e9t\u00e9ores <\/strong><\/em><\/span>et le<em><strong> Roi des Aulnes, <\/strong><\/em>et y ajoutant<span style=\"color: #008000;\"><em><strong> Le Vent<\/strong><\/em><strong> Paraclet<\/strong><span style=\"color: #000000;\">, un essai tr\u00e8s personnel<\/span><\/span>. Pour lire cet article <a title=\"le point\" href=\"http:\/\/www.lepoint.fr\/livres\/et-l-ogre-tournier-reenchanta-le-roman-04-03-2017-2109246_37.php\" target=\"_blank\" rel=\"noopener\">in extenso<\/a>&#8230; ou d\u00e9couvrir sa version papier : <a href=\"http:\/\/www.claude-arnaud.com\/fr\/wp-content\/uploads\/2017\/03\/Tournier-page-1.pdf\">page 1<\/a>, <a href=\"http:\/\/www.claude-arnaud.com\/fr\/wp-content\/uploads\/2017\/03\/Tournier-page-2.pdf\">page 2<\/a><\/p>\n","protected":false},"excerpt":{"rendered":"<p>Dans son num\u00e9ro 2321, dat\u00e9 du 2 mars 2017, LE POINT a publi\u00e9 un article de CLAUDE ARNAUD consacr\u00e9 \u00e0 l&rsquo;\u00e9dition en Pl\u00e9iade de l&rsquo;oeuvre romanesque de MICHEL TOURNIER, de Vendredi ou les limbes du Pacifiques \u00e0 Gilles et Jeanne, en passant par Les M\u00e9t\u00e9ores et le Roi des Aulnes, et y ajoutant Le Vent [&hellip;]<\/p>\n","protected":false},"author":2,"featured_media":0,"comment_status":"open","ping_status":"open","sticky":false,"template":"","format":"standard","meta":{"footnotes":""},"categories":[4],"tags":[],"class_list":["post-7440","post","type-post","status-publish","format-standard","hentry","category-articles","count-0","even alt","author-claude-arnaud","last"],"post_mailing_queue_ids":[],"_links":{"self":[{"href":"https:\/\/www.claude-arnaud.com\/fr\/wp-json\/wp\/v2\/posts\/7440","targetHints":{"allow":["GET"]}}],"collection":[{"href":"https:\/\/www.claude-arnaud.com\/fr\/wp-json\/wp\/v2\/posts"}],"about":[{"href":"https:\/\/www.claude-arnaud.com\/fr\/wp-json\/wp\/v2\/types\/post"}],"author":[{"embeddable":true,"href":"https:\/\/www.claude-arnaud.com\/fr\/wp-json\/wp\/v2\/users\/2"}],"replies":[{"embeddable":true,"href":"https:\/\/www.claude-arnaud.com\/fr\/wp-json\/wp\/v2\/comments?post=7440"}],"version-history":[{"count":11,"href":"https:\/\/www.claude-arnaud.com\/fr\/wp-json\/wp\/v2\/posts\/7440\/revisions"}],"predecessor-version":[{"id":12910,"href":"https:\/\/www.claude-arnaud.com\/fr\/wp-json\/wp\/v2\/posts\/7440\/revisions\/12910"}],"wp:attachment":[{"href":"https:\/\/www.claude-arnaud.com\/fr\/wp-json\/wp\/v2\/media?parent=7440"}],"wp:term":[{"taxonomy":"category","embeddable":true,"href":"https:\/\/www.claude-arnaud.com\/fr\/wp-json\/wp\/v2\/categories?post=7440"},{"taxonomy":"post_tag","embeddable":true,"href":"https:\/\/www.claude-arnaud.com\/fr\/wp-json\/wp\/v2\/tags?post=7440"}],"curies":[{"name":"wp","href":"https:\/\/api.w.org\/{rel}","templated":true}]}}