{"id":7413,"date":"2017-02-11T13:35:14","date_gmt":"2017-02-11T13:35:14","guid":{"rendered":"http:\/\/www.claude-arnaud.com\/fr\/?p=7413"},"modified":"2017-03-09T12:39:45","modified_gmt":"2017-03-09T12:39:45","slug":"la-cinematheque-rend-hommage-a-charles-najman","status":"publish","type":"post","link":"https:\/\/www.claude-arnaud.com\/fr\/archives\/7413","title":{"rendered":"La Cin\u00e9math\u00e8que rend hommage \u00e0 Charles NAJMAN"},"content":{"rendered":"<p><a href=\"http:\/\/www.claude-arnaud.com\/fr\/wp-content\/uploads\/2017\/02\/s725-a44f31.jpg\"><img loading=\"lazy\" decoding=\"async\" class=\"alignleft size-medium wp-image-7414\" title=\"s,725-a44f31\" src=\"http:\/\/www.claude-arnaud.com\/fr\/wp-content\/uploads\/2017\/02\/s725-a44f31-300x168.jpg\" alt=\"\" width=\"300\" height=\"168\" srcset=\"https:\/\/www.claude-arnaud.com\/fr\/wp-content\/uploads\/2017\/02\/s725-a44f31-300x168.jpg 300w, https:\/\/www.claude-arnaud.com\/fr\/wp-content\/uploads\/2017\/02\/s725-a44f31.jpg 700w\" sizes=\"auto, (max-width: 300px) 100vw, 300px\" \/><\/a>Le <span style=\"color: #008000;\"><strong>Mercredi 8 mars 2017<\/strong><\/span>, <strong>\u00e0 20 h<\/strong>.,<span style=\"color: #008000;\"><strong> en salle Georges Franju<\/strong><\/span>, <strong>la Cin\u00e9math\u00e8que fran\u00e7aise<\/strong> a rendu hommage \u00e0 <span style=\"color: #008000;\"><strong>Charles NAJMAN,\u00a0<\/strong><span style=\"color: #000000;\">d\u00e9c\u00e9d\u00e9 \u00e0 60 ans cet \u00e9t\u00e9,<\/span><\/span> en projetant son dernier long-m\u00e9trage, <span style=\"color: #008000;\"><em><strong>PITCHIPO\u00cf<\/strong><\/em><\/span>. Tourn\u00e9 en 2012, interpr\u00e9t\u00e9 par <strong><span style=\"color: #008000;\">Xavier Gallais<\/span><\/strong>, <strong>Laurent Lacotte<\/strong>, <span style=\"color: #008000;\"><strong>Sabrina Seyvecou<\/strong><\/span>, <strong>Denis Lavant<\/strong>, <span style=\"color: #008000;\">Serge Merlin,<\/span> <strong>Mich\u00e8le Moretti<\/strong>, ce film raconte la d\u00e9rive hallucin\u00e9e d&rsquo;un stand-up comique, <span style=\"color: #008000;\"><strong>Julien Schulmann,<\/strong><\/span> dont le p\u00e8re meurt brutalement. Rescap\u00e9 des camps d&rsquo;extermination, celui-ci demande par testament \u00e0 son autre fils, <strong>Pierre,<\/strong> de disperser ses cendres en Pologne, sa terre d&rsquo;origine. Mais <span style=\"color: #008000;\"><strong>Pierre<\/strong> <\/span>a disparu depuis deux ans en Am\u00e9rique latine et la famille <strong><span style=\"color: #008000;\">Schulmann<\/span><\/strong> n&rsquo;a que haine pour la <strong>Pologne<\/strong>. A l&rsquo;exception de <span style=\"color: #008000;\"><strong>Pierre<\/strong><\/span>, dont le fant\u00f4me semble s&rsquo;ing\u00e9nier \u00e0 encourager \u00e0 un retour \u00e0 cette terre d&rsquo;origine, qu&rsquo;il tient pour la vrai patrie des Juifs.<\/p>\n<p><strong>Un film d\u00e9lib\u00e9r\u00e9ment sarcastique,<\/strong>\u00a0 coupant court \u00e0 toutes les\u00a0 revendication identitaires d&rsquo;aujourd&rsquo;hui, <span style=\"color: #008000;\"><strong>que la plupart des distributeurs avaient refus\u00e9s de sortir en salle,<\/strong> <\/span><strong>par peur,<\/strong> et qui a enfin la chance, apr\u00e8s <strong>une premi\u00e8re sortie discr\u00e8te \u00e0 l&rsquo;espace SAINT-MICHEL en 2014<\/strong>, <span style=\"color: #008000;\"><strong>de trouver son vrai public.<\/strong><\/span><\/p>\n<p><a title=\"cinematheque\" href=\"http:\/\/www.cinematheque.fr\/seance\/26519.html\" target=\"_blank\">Pour en savoir plus<\/a>&#8230;<\/p>\n<p>OU <a title=\"allocine\" href=\"http:\/\/www.allocine.fr\/film\/fichefilm-214519\/casting\/\" target=\"_blank\">encore<\/a>&#8230;<\/p>\n","protected":false},"excerpt":{"rendered":"<p>Le Mercredi 8 mars 2017, \u00e0 20 h., en salle Georges Franju, la Cin\u00e9math\u00e8que fran\u00e7aise a rendu hommage \u00e0 Charles NAJMAN,\u00a0d\u00e9c\u00e9d\u00e9 \u00e0 60 ans cet \u00e9t\u00e9, en projetant son dernier long-m\u00e9trage, PITCHIPO\u00cf. Tourn\u00e9 en 2012, interpr\u00e9t\u00e9 par Xavier Gallais, Laurent Lacotte, Sabrina Seyvecou, Denis Lavant, Serge Merlin, Mich\u00e8le Moretti, ce film raconte la d\u00e9rive hallucin\u00e9e [&hellip;]<\/p>\n","protected":false},"author":2,"featured_media":0,"comment_status":"open","ping_status":"open","sticky":false,"template":"","format":"standard","meta":{"footnotes":""},"categories":[6],"tags":[],"class_list":["post-7413","post","type-post","status-publish","format-standard","hentry","category-evenements","count-0","even alt","author-claude-arnaud","last"],"post_mailing_queue_ids":[],"_links":{"self":[{"href":"https:\/\/www.claude-arnaud.com\/fr\/wp-json\/wp\/v2\/posts\/7413","targetHints":{"allow":["GET"]}}],"collection":[{"href":"https:\/\/www.claude-arnaud.com\/fr\/wp-json\/wp\/v2\/posts"}],"about":[{"href":"https:\/\/www.claude-arnaud.com\/fr\/wp-json\/wp\/v2\/types\/post"}],"author":[{"embeddable":true,"href":"https:\/\/www.claude-arnaud.com\/fr\/wp-json\/wp\/v2\/users\/2"}],"replies":[{"embeddable":true,"href":"https:\/\/www.claude-arnaud.com\/fr\/wp-json\/wp\/v2\/comments?post=7413"}],"version-history":[{"count":7,"href":"https:\/\/www.claude-arnaud.com\/fr\/wp-json\/wp\/v2\/posts\/7413\/revisions"}],"predecessor-version":[{"id":7416,"href":"https:\/\/www.claude-arnaud.com\/fr\/wp-json\/wp\/v2\/posts\/7413\/revisions\/7416"}],"wp:attachment":[{"href":"https:\/\/www.claude-arnaud.com\/fr\/wp-json\/wp\/v2\/media?parent=7413"}],"wp:term":[{"taxonomy":"category","embeddable":true,"href":"https:\/\/www.claude-arnaud.com\/fr\/wp-json\/wp\/v2\/categories?post=7413"},{"taxonomy":"post_tag","embeddable":true,"href":"https:\/\/www.claude-arnaud.com\/fr\/wp-json\/wp\/v2\/tags?post=7413"}],"curies":[{"name":"wp","href":"https:\/\/api.w.org\/{rel}","templated":true}]}}