{"id":7319,"date":"2017-01-31T12:55:17","date_gmt":"2017-01-31T12:55:17","guid":{"rendered":"http:\/\/www.claude-arnaud.com\/fr\/?p=7319"},"modified":"2022-05-02T10:30:15","modified_gmt":"2022-05-02T09:30:15","slug":"concert-lecture-le-8-fevrier-2017","status":"publish","type":"post","link":"https:\/\/www.claude-arnaud.com\/fr\/archives\/7319","title":{"rendered":"CONCERT LECTURE LE 8 FEVRIER 2017"},"content":{"rendered":"<p><span style=\"color: #008000;\"><strong>Un<\/strong><\/span><span style=\"color: #008000;\"><strong> Concert-lecture exceptionnel s&rsquo;est donn\u00e9 le Mercredi 8 f\u00e9vrier 2017, \u00e0 20 heures pr\u00e9cises<\/strong><\/span>, <strong>chez Alban CAUSSE,\u00a0\u00a0\u00a0\u00a0\u00a0\u00a0\u00a0\u00a0\u00a0\u00a0\u00a0\u00a0\u00a0\u00a0\u00a0\u00a0\u00a0\u00a0\u00a0\u00a0\u00a0\u00a0\u00a0\u00a0\u00a0\u00a0\u00a0\u00a0\u00a0\u00a0\u00a0\u00a0\u00a0\u00a0\u00a0\u00a0\u00a0\u00a0\u00a0\u00a0\u00a0\u00a0\u00a0\u00a0\u00a0\u00a0\u00a0\u00a0\u00a0\u00a0\u00a0\u00a0\u00a0\u00a0\u00a0\u00a0\u00a0\u00a0\u00a0\u00a0\u00a0 <\/strong><\/p>\n<p><strong>3, rue PIERRE-L&rsquo;ERMITE,<a href=\"http:\/\/www.claude-arnaud.com\/fr\/wp-content\/uploads\/2017\/01\/affiche-PORTRAITS-CROISES.jpg\"><img loading=\"lazy\" decoding=\"async\" class=\"alignright size-medium wp-image-7326\" title=\"affiche PORTRAITS CROISES\" src=\"http:\/\/www.claude-arnaud.com\/fr\/wp-content\/uploads\/2017\/01\/affiche-PORTRAITS-CROISES-205x300.jpg\" alt=\"\" width=\"205\" height=\"300\" srcset=\"https:\/\/www.claude-arnaud.com\/fr\/wp-content\/uploads\/2017\/01\/affiche-PORTRAITS-CROISES-205x300.jpg 205w, https:\/\/www.claude-arnaud.com\/fr\/wp-content\/uploads\/2017\/01\/affiche-PORTRAITS-CROISES-701x1024.jpg 701w, https:\/\/www.claude-arnaud.com\/fr\/wp-content\/uploads\/2017\/01\/affiche-PORTRAITS-CROISES.jpg 1247w\" sizes=\"auto, (max-width: 205px) 100vw, 205px\" \/><\/a> 75018 Paris<\/strong> (m\u00e9tro La Chapelle) au profit de la Fondation<span style=\"color: #008000;\"><strong> \u00ab\u00a0PARADIS des INDIENS\u00a0\u00bb<\/strong><\/span> fondation \u00e0 but non-lucratif qui oeuvre \u00e0 scolariser les enfants et \u00e0 soigner les habitants <strong>des ABRICOTS, <span style=\"color: #008000;\">village du finist\u00e8re ha\u00eftien<\/span> ravag\u00e9 par le passage de l&rsquo;ouragan <span style=\"color: #008000;\">Matthew<\/span>, le 4 octobre 2016<\/strong>.<\/p>\n<p><span style=\"color: #008000;\"><strong>Les pi\u00e8ces musicales ont \u00e9t\u00e9 interpr\u00e9t\u00e9es et chant\u00e9es<\/strong><\/span> par <strong>St\u00e9phanie HUMEAU<\/strong>, pianiste, <strong><span style=\"color: #008000;\">Caroline MONTIER<\/span><\/strong>, soprano, <span style=\"color: #000000;\"><strong>l&rsquo;OISELEUR<\/strong><\/span>, baryton. Extraits de <em><strong>\u00ab\u00a0<span style=\"color: #008000;\">PORTRAITS CRACHES<\/span>\u00ab\u00a0<\/strong><\/em>, une anthologie \u00e0 para\u00eetre chez <strong>BOUQUINS<\/strong> en septembre 2017, les textes ont \u00e9t\u00e9 dits par <span style=\"color: #008000;\"><strong>Claude ARNAUD<\/strong><\/span>. Chacun a donn\u00e9 ce qu&rsquo;il souhaitait <span style=\"color: #008000;\"><strong>pour les interpr\u00e8tes et la Fondation<\/strong><\/span>. Pour d\u00e9couvrir le programme de ces <a href=\"https:\/\/www.claude-arnaud.com\/fr\/wp-content\/uploads\/2017\/01\/Portraits-crache\u0301s-chante\u0301s.rtf\">Portraits crache\u0301s chante\u0301s<\/a>&#8230;<\/p>\n<p>Et le flyer invitant \u00e0 ce concert du 8 f\u00e9vrier&#8230;<\/p>\n<p>Pour en savoir plus sur la <a href=\"https:\/\/terresansfrontieres.ca\/reconstruction-decoles-avec-la-fondation-paradis-des-indiens\/\" target=\"_blank\" rel=\"noopener\">Fondation Paradis des Indiens<\/a>, anim\u00e9e par Mica de Verteuil&#8230;<\/p>\n<p>Pour d\u00e9couvrir la page Facebook de <a title=\"facebook\" href=\"https:\/\/fr-fr.facebook.com\/friendsofparadisdesindiens\/\" target=\"_blank\" rel=\"noopener\">la Fondation<\/a>&#8230;<\/p>\n<p>Et les ravages caus\u00e9s par l&rsquo;ouragan Matthew <a title=\"mieux vivre en haiti\" href=\"https:\/\/mieuxvivreenhaiti.wordpress.com\/2016\/10\/\" target=\"_blank\" rel=\"noopener\">au village des ABRICOTS<\/a>&#8230;<\/p>\n<p><a href=\"http:\/\/www.claude-arnaud.com\/fr\/wp-content\/uploads\/2017\/01\/Les-Abricots.jpg\"><img loading=\"lazy\" decoding=\"async\" class=\"alignleft  wp-image-7345\" title=\"Les Abricots\" src=\"http:\/\/www.claude-arnaud.com\/fr\/wp-content\/uploads\/2017\/01\/Les-Abricots-300x199.jpg\" alt=\"\" width=\"317\" height=\"208\" \/><\/a>Une classe d&rsquo;\u00e9cole des Abricots financ\u00e9e par la Fondation \u00ab\u00a0Paradis des Indiens\u00a0\u00bb<\/p>\n<p>Mica de Verteuil t\u00e9moigne des ravages <a title=\"ayibopost\" href=\"http:\/\/ayibopost.com\/a-80-ans-mica-est-determinee-a-tout-reconstruire-apres-mathieu\/?platform=hootsuite\" target=\"_blank\" rel=\"noopener\">op\u00e9r\u00e9s par le cyclone<\/a>&#8230;<\/p>\n","protected":false},"excerpt":{"rendered":"<p>Un Concert-lecture exceptionnel s&rsquo;est donn\u00e9 le Mercredi 8 f\u00e9vrier 2017, \u00e0 20 heures pr\u00e9cises, chez Alban CAUSSE,\u00a0\u00a0\u00a0\u00a0\u00a0\u00a0\u00a0\u00a0\u00a0\u00a0\u00a0\u00a0\u00a0\u00a0\u00a0\u00a0\u00a0\u00a0\u00a0\u00a0\u00a0\u00a0\u00a0\u00a0\u00a0\u00a0\u00a0\u00a0\u00a0\u00a0\u00a0\u00a0\u00a0\u00a0\u00a0\u00a0\u00a0\u00a0\u00a0\u00a0\u00a0\u00a0\u00a0\u00a0\u00a0\u00a0\u00a0\u00a0\u00a0\u00a0\u00a0\u00a0\u00a0\u00a0\u00a0\u00a0\u00a0\u00a0\u00a0\u00a0\u00a0 3, rue PIERRE-L&rsquo;ERMITE, 75018 Paris (m\u00e9tro La Chapelle) au profit de la Fondation \u00ab\u00a0PARADIS des INDIENS\u00a0\u00bb fondation \u00e0 but non-lucratif qui oeuvre \u00e0 scolariser les enfants et \u00e0 soigner les habitants des ABRICOTS, village du finist\u00e8re ha\u00eftien ravag\u00e9 [&hellip;]<\/p>\n","protected":false},"author":2,"featured_media":0,"comment_status":"open","ping_status":"open","sticky":false,"template":"","format":"standard","meta":{"footnotes":""},"categories":[6],"tags":[],"class_list":["post-7319","post","type-post","status-publish","format-standard","hentry","category-evenements","count-0","even alt","author-claude-arnaud","last"],"post_mailing_queue_ids":[],"_links":{"self":[{"href":"https:\/\/www.claude-arnaud.com\/fr\/wp-json\/wp\/v2\/posts\/7319","targetHints":{"allow":["GET"]}}],"collection":[{"href":"https:\/\/www.claude-arnaud.com\/fr\/wp-json\/wp\/v2\/posts"}],"about":[{"href":"https:\/\/www.claude-arnaud.com\/fr\/wp-json\/wp\/v2\/types\/post"}],"author":[{"embeddable":true,"href":"https:\/\/www.claude-arnaud.com\/fr\/wp-json\/wp\/v2\/users\/2"}],"replies":[{"embeddable":true,"href":"https:\/\/www.claude-arnaud.com\/fr\/wp-json\/wp\/v2\/comments?post=7319"}],"version-history":[{"count":24,"href":"https:\/\/www.claude-arnaud.com\/fr\/wp-json\/wp\/v2\/posts\/7319\/revisions"}],"predecessor-version":[{"id":14247,"href":"https:\/\/www.claude-arnaud.com\/fr\/wp-json\/wp\/v2\/posts\/7319\/revisions\/14247"}],"wp:attachment":[{"href":"https:\/\/www.claude-arnaud.com\/fr\/wp-json\/wp\/v2\/media?parent=7319"}],"wp:term":[{"taxonomy":"category","embeddable":true,"href":"https:\/\/www.claude-arnaud.com\/fr\/wp-json\/wp\/v2\/categories?post=7319"},{"taxonomy":"post_tag","embeddable":true,"href":"https:\/\/www.claude-arnaud.com\/fr\/wp-json\/wp\/v2\/tags?post=7319"}],"curies":[{"name":"wp","href":"https:\/\/api.w.org\/{rel}","templated":true}]}}