{"id":6570,"date":"2016-04-28T10:24:45","date_gmt":"2016-04-28T10:24:45","guid":{"rendered":"http:\/\/www.claude-arnaud.com\/fr\/?p=6570"},"modified":"2019-12-15T17:03:53","modified_gmt":"2019-12-15T17:03:53","slug":"qui-est-claude-arnaud-dans-le-monde-des-livres","status":"publish","type":"post","link":"https:\/\/www.claude-arnaud.com\/fr\/archives\/6570","title":{"rendered":"\u00ab\u00a0QUI EST CLAUDE ARNAUD?\u00a0\u00bb dans Le Monde des Livres"},"content":{"rendered":"<p><strong>Jean-Louis<\/strong> <span style=\"color: #008080;\"><strong>JEANNELLE<\/strong><\/span>, dans un article intitul\u00e9 \u00ab\u00a0Qui est Claude Arnaud?\u00a0\u00bb publi\u00e9 par <em><strong>Le Monde des<a href=\"http:\/\/www.claude-arnaud.com\/fr\/wp-content\/uploads\/2016\/04\/87691524_p.png\"><img loading=\"lazy\" decoding=\"async\" class=\"alignright  wp-image-6571\" title=\"87691524_p\" src=\"http:\/\/www.claude-arnaud.com\/fr\/wp-content\/uploads\/2016\/04\/87691524_p-300x55.png\" alt=\"\" width=\"361\" height=\"66\" srcset=\"https:\/\/www.claude-arnaud.com\/fr\/wp-content\/uploads\/2016\/04\/87691524_p-300x55.png 300w, https:\/\/www.claude-arnaud.com\/fr\/wp-content\/uploads\/2016\/04\/87691524_p.png 600w\" sizes=\"auto, (max-width: 361px) 100vw, 361px\" \/><\/a> livres<\/strong><\/em> en date du 27 avril 2016, rend ainsi compte de <span style=\"color: #008000;\"><strong>\u00a0\u00bb Je ne vouais pas \u00eatre moi\u00a0\u00bb<\/strong><\/span>, dernier volume de la trilogie autobiographique inaugur\u00e9 avec <strong><span style=\"color: #008000;\">\u00ab\u00a0Qu&rsquo;as-tu fait de tes fr\u00e8res?\u00a0\u00bb<\/span><\/strong>:<\/p>\n<p><a href=\"http:\/\/www.claude-arnaud.com\/fr\/wp-content\/uploads\/2017\/10\/hqdefault.jpg\"><img loading=\"lazy\" decoding=\"async\" class=\"alignleft size-medium wp-image-8263\" title=\"hqdefault\" src=\"http:\/\/www.claude-arnaud.com\/fr\/wp-content\/uploads\/2017\/10\/hqdefault-300x225.jpg\" alt=\"\" width=\"300\" height=\"225\" srcset=\"https:\/\/www.claude-arnaud.com\/fr\/wp-content\/uploads\/2017\/10\/hqdefault-300x225.jpg 300w, https:\/\/www.claude-arnaud.com\/fr\/wp-content\/uploads\/2017\/10\/hqdefault.jpg 480w\" sizes=\"auto, (max-width: 300px) 100vw, 300px\" \/><\/a>\u00ab\u00a0La fascinante d\u00e9composition de sa famille, la relation passionnelle le liant \u00e0 ses deux fr\u00e8res, sa d\u00e9couverte des r\u00e9volutions n\u00e9es des ann\u00e9es 1970, son amour des hommes dont les voies inattendues le conduisent aussi \u00e0 celui des femmes\u2026\u200a\u00a0: <span style=\"color: #008000;\"><strong>Claude ARNAUD<\/strong> <\/span>avait d\u00e9j\u00e0 brass\u00e9 l\u2019\u00e9tonnante mati\u00e8re de son existence dans le merveilleux <strong><em>Qu\u2019as-tu fait de tes fr\u00e8res\u200a?<\/em> <\/strong>ou dans <span style=\"color: #008000;\"><strong><em>Br\u00e8ves saisons au paradis<\/em> <\/strong><\/span>(Grasset, 2010 et 2012). <strong><em>Je ne voulais pas \u00eatre moi<\/em> <\/strong>ne donne pourtant jamais une impression de redite, tant son auteur met d\u2019honn\u00eatet\u00e9 et d\u2019\u00e9l\u00e9gance \u00e0 s\u2019adresser \u00e0 lui-m\u00eame la question qu\u2019il posait en\u00a02006 \u00e0 une longue tradition d\u2019\u00ab\u200a<em>auto-inventeurs\u200a<\/em>\u00bb\u200a\u00a0: <span style=\"color: #008000;\"><em><strong>Qui dit \u00ab\u200aje\u200a\u00bb en nous\u200a?<\/strong> <\/em><\/span>Une exigence l\u2019anime\u200a\u00a0: \u00ab\u200a<em>Garder le d\u00e9sir de changer<\/em>\u200a \u00bb. A l\u2019issue de ce parcours d\u00e9sordonn\u00e9, fait de vivants portraits, de destins g\u00e2ch\u00e9s, d\u2019incertitudes douloureuses mais f\u00e9condes, ou encore d\u2019un cancer surmont\u00e9, <span style=\"color: #008000;\">Claude ARNAUD<\/span> peut enfin se dire l\u2019\u00ab\u200a<em>auteur de <\/em>[sa]<em> vie<\/em>\u200a\u00bb.<\/p>\n","protected":false},"excerpt":{"rendered":"<p>Jean-Louis JEANNELLE, dans un article intitul\u00e9 \u00ab\u00a0Qui est Claude Arnaud?\u00a0\u00bb publi\u00e9 par Le Monde des livres en date du 27 avril 2016, rend ainsi compte de \u00a0\u00bb Je ne vouais pas \u00eatre moi\u00a0\u00bb, dernier volume de la trilogie autobiographique inaugur\u00e9 avec \u00ab\u00a0Qu&rsquo;as-tu fait de tes fr\u00e8res?\u00a0\u00bb: \u00ab\u00a0La fascinante d\u00e9composition de sa famille, la relation passionnelle [&hellip;]<\/p>\n","protected":false},"author":2,"featured_media":0,"comment_status":"open","ping_status":"open","sticky":false,"template":"","format":"standard","meta":{"footnotes":""},"categories":[4],"tags":[],"class_list":["post-6570","post","type-post","status-publish","format-standard","hentry","category-articles","count-0","even alt","author-claude-arnaud","last"],"post_mailing_queue_ids":[],"_links":{"self":[{"href":"https:\/\/www.claude-arnaud.com\/fr\/wp-json\/wp\/v2\/posts\/6570","targetHints":{"allow":["GET"]}}],"collection":[{"href":"https:\/\/www.claude-arnaud.com\/fr\/wp-json\/wp\/v2\/posts"}],"about":[{"href":"https:\/\/www.claude-arnaud.com\/fr\/wp-json\/wp\/v2\/types\/post"}],"author":[{"embeddable":true,"href":"https:\/\/www.claude-arnaud.com\/fr\/wp-json\/wp\/v2\/users\/2"}],"replies":[{"embeddable":true,"href":"https:\/\/www.claude-arnaud.com\/fr\/wp-json\/wp\/v2\/comments?post=6570"}],"version-history":[{"count":8,"href":"https:\/\/www.claude-arnaud.com\/fr\/wp-json\/wp\/v2\/posts\/6570\/revisions"}],"predecessor-version":[{"id":10238,"href":"https:\/\/www.claude-arnaud.com\/fr\/wp-json\/wp\/v2\/posts\/6570\/revisions\/10238"}],"wp:attachment":[{"href":"https:\/\/www.claude-arnaud.com\/fr\/wp-json\/wp\/v2\/media?parent=6570"}],"wp:term":[{"taxonomy":"category","embeddable":true,"href":"https:\/\/www.claude-arnaud.com\/fr\/wp-json\/wp\/v2\/categories?post=6570"},{"taxonomy":"post_tag","embeddable":true,"href":"https:\/\/www.claude-arnaud.com\/fr\/wp-json\/wp\/v2\/tags?post=6570"}],"curies":[{"name":"wp","href":"https:\/\/api.w.org\/{rel}","templated":true}]}}