{"id":6493,"date":"2015-12-31T12:30:38","date_gmt":"2015-12-31T12:30:38","guid":{"rendered":"http:\/\/www.claude-arnaud.com\/fr\/?p=6493"},"modified":"2021-01-29T13:38:57","modified_gmt":"2021-01-29T12:38:57","slug":"catherine-millot-prix-de-litterature-andre-gide-2016","status":"publish","type":"post","link":"https:\/\/www.claude-arnaud.com\/fr\/archives\/6493","title":{"rendered":"CATHERINE MILLOT, 2\u00b0 PRIX DE LITTERATURE ANDRE GIDE 2016"},"content":{"rendered":"<p><strong><a href=\"http:\/\/www.claude-arnaud.com\/fr\/wp-content\/uploads\/2015\/12\/prix-litt-cg-entete.png\"><img loading=\"lazy\" decoding=\"async\" class=\"alignleft size-full wp-image-6498\" title=\"prix-litt-cg-entete\" src=\"http:\/\/www.claude-arnaud.com\/fr\/wp-content\/uploads\/2015\/12\/prix-litt-cg-entete.png\" alt=\"\" width=\"219\" height=\"58\" \/><\/a>Le deuxi\u00e8me prix de litt\u00e9rature Andr\u00e9 GIDE 2016,<\/strong> d\u00e9cern\u00e9 par un jury compos\u00e9 de <strong>Claude<a href=\"http:\/\/www.claude-arnaud.com\/fr\/wp-content\/uploads\/2015\/12\/Millot.jpg\"><img loading=\"lazy\" decoding=\"async\" class=\"alignright size-thumbnail wp-image-6500\" title=\"Millot\" src=\"http:\/\/www.claude-arnaud.com\/fr\/wp-content\/uploads\/2015\/12\/Millot-150x150.jpg\" alt=\"\" width=\"150\" height=\"150\" srcset=\"https:\/\/www.claude-arnaud.com\/fr\/wp-content\/uploads\/2015\/12\/Millot-150x150.jpg 150w, https:\/\/www.claude-arnaud.com\/fr\/wp-content\/uploads\/2015\/12\/Millot-48x48.jpg 48w\" sizes=\"auto, (max-width: 150px) 100vw, 150px\" \/><\/a> ARNAUD, <span style=\"color: #008000;\">Philippe FOREST<\/span>, Marie GIL, <span style=\"color: #008000;\">Robert KOPP<\/span>, Eric MARTY, <span style=\"color: #008000;\">Laurence PLAZENET<\/span>, Jean-Benoit PUECH, <span style=\"color: #008000;\">Peter SCHNYDER<\/span> et Laurent ZIMMERMANN<\/strong> a \u00e9t\u00e9 d\u00e9cern\u00e9 \u00e0 <span style=\"color: #008000;\"><strong>Catherine MILLOT<\/strong><\/span> pour son livre <strong><em>La Vie avec Lacan<\/em> <\/strong>( Gallimard, collection L&rsquo;Infini). Cr\u00e9e et soutenu par la Fondation Catherine Gide, qui le dote de 10.000 euros, le prix sera remis le <strong>mercredi 9 mars \u00e0 18 heures<\/strong> \u00e0 <span style=\"color: #008000;\"><strong>la libraire Gallimard, 15 boulevard Raspail, paris 75007. <a href=\"https:\/\/www.livreshebdo.fr\/article\/catherine-millot-recoit-le-prix-andre-gide\" target=\"_blank\" rel=\"noopener\">Pour en savoir plus<\/a>&#8230;<a href=\"http:\/\/www.claude-arnaud.com\/fr\/wp-content\/uploads\/2015\/12\/millot-1.jpg\"><img loading=\"lazy\" decoding=\"async\" class=\"alignleft  wp-image-6501\" title=\"millot-1\" src=\"http:\/\/www.claude-arnaud.com\/fr\/wp-content\/uploads\/2015\/12\/millot-1.jpg\" alt=\"\" width=\"117\" height=\"171\" \/><\/a><\/strong><\/span><\/p>\n","protected":false},"excerpt":{"rendered":"<p>Le deuxi\u00e8me prix de litt\u00e9rature Andr\u00e9 GIDE 2016, d\u00e9cern\u00e9 par un jury compos\u00e9 de Claude ARNAUD, Philippe FOREST, Marie GIL, Robert KOPP, Eric MARTY, Laurence PLAZENET, Jean-Benoit PUECH, Peter SCHNYDER et Laurent ZIMMERMANN a \u00e9t\u00e9 d\u00e9cern\u00e9 \u00e0 Catherine MILLOT pour son livre La Vie avec Lacan ( Gallimard, collection L&rsquo;Infini). Cr\u00e9e et soutenu par la [&hellip;]<\/p>\n","protected":false},"author":2,"featured_media":0,"comment_status":"open","ping_status":"open","sticky":false,"template":"","format":"standard","meta":{"footnotes":""},"categories":[6],"tags":[],"class_list":["post-6493","post","type-post","status-publish","format-standard","hentry","category-evenements","count-0","even alt","author-claude-arnaud","last"],"post_mailing_queue_ids":[],"_links":{"self":[{"href":"https:\/\/www.claude-arnaud.com\/fr\/wp-json\/wp\/v2\/posts\/6493","targetHints":{"allow":["GET"]}}],"collection":[{"href":"https:\/\/www.claude-arnaud.com\/fr\/wp-json\/wp\/v2\/posts"}],"about":[{"href":"https:\/\/www.claude-arnaud.com\/fr\/wp-json\/wp\/v2\/types\/post"}],"author":[{"embeddable":true,"href":"https:\/\/www.claude-arnaud.com\/fr\/wp-json\/wp\/v2\/users\/2"}],"replies":[{"embeddable":true,"href":"https:\/\/www.claude-arnaud.com\/fr\/wp-json\/wp\/v2\/comments?post=6493"}],"version-history":[{"count":13,"href":"https:\/\/www.claude-arnaud.com\/fr\/wp-json\/wp\/v2\/posts\/6493\/revisions"}],"predecessor-version":[{"id":11620,"href":"https:\/\/www.claude-arnaud.com\/fr\/wp-json\/wp\/v2\/posts\/6493\/revisions\/11620"}],"wp:attachment":[{"href":"https:\/\/www.claude-arnaud.com\/fr\/wp-json\/wp\/v2\/media?parent=6493"}],"wp:term":[{"taxonomy":"category","embeddable":true,"href":"https:\/\/www.claude-arnaud.com\/fr\/wp-json\/wp\/v2\/categories?post=6493"},{"taxonomy":"post_tag","embeddable":true,"href":"https:\/\/www.claude-arnaud.com\/fr\/wp-json\/wp\/v2\/tags?post=6493"}],"curies":[{"name":"wp","href":"https:\/\/api.w.org\/{rel}","templated":true}]}}