{"id":6471,"date":"2016-01-12T15:34:37","date_gmt":"2016-01-12T15:34:37","guid":{"rendered":"http:\/\/www.claude-arnaud.com\/fr\/?p=6471"},"modified":"2021-01-28T20:52:37","modified_gmt":"2021-01-28T19:52:37","slug":"cocteau-en-cahier-de-lherne","status":"publish","type":"post","link":"https:\/\/www.claude-arnaud.com\/fr\/archives\/6471","title":{"rendered":"COCTEAU DANS LES CAHIERS DE l&rsquo;HERNE"},"content":{"rendered":"<p><a href=\"http:\/\/www.claude-arnaud.com\/fr\/wp-content\/uploads\/2016\/02\/1-COUV-COCTEAU.jpg\"><img loading=\"lazy\" decoding=\"async\" class=\"aligncenter size-medium wp-image-6472\" title=\"1-COUV-COCTEAU\" src=\"http:\/\/www.claude-arnaud.com\/fr\/wp-content\/uploads\/2016\/02\/1-COUV-COCTEAU-233x300.jpg\" alt=\"\" width=\"233\" height=\"300\" srcset=\"https:\/\/www.claude-arnaud.com\/fr\/wp-content\/uploads\/2016\/02\/1-COUV-COCTEAU-233x300.jpg 233w, https:\/\/www.claude-arnaud.com\/fr\/wp-content\/uploads\/2016\/02\/1-COUV-COCTEAU-797x1024.jpg 797w, https:\/\/www.claude-arnaud.com\/fr\/wp-content\/uploads\/2016\/02\/1-COUV-COCTEAU.jpg 934w\" sizes=\"auto, (max-width: 233px) 100vw, 233px\" \/><\/a> <strong>Les Cahiers de l&rsquo;Herne<\/strong>\u00a0publient, en ce d\u00e9but<strong>\u00a02016<\/strong>,\u00a0sous la direction de <strong>Serge Linar\u00e8s<\/strong>, un num\u00e9ro (le 113\u00e8me) consacr\u00e9 \u00e0 <span style=\"color: #008000;\"><strong>Cocteau<\/strong><\/span>. Ce volume substantiel ( (544 pages!) \u00a0comporte de nombreuses contributions d&rsquo;\u00e9crivains (<strong>Anouilh<\/strong>,<span style=\"color: #008000;\"><strong> Aragon<\/strong><\/span>, <strong>Berl<\/strong>, <span style=\"color: #008000;\"><strong>Carpentier<\/strong><\/span>, <strong>Colette<\/strong>, <strong><span style=\"color: #008000;\">Genet<\/span><\/strong>,<strong> Mauriac,<\/strong> <span style=\"color: #008000;\"><strong>MIshima<\/strong><\/span>, <strong>Modiano, <span style=\"color: #008000;\">Morand<\/span><\/strong>&#8230;) dont celles, in\u00e9dites en fran\u00e7ais, de <strong>Jos\u00e9 Luis Borg\u00e8s<\/strong>,\u00a0<span style=\"color: #008000;\"><strong>W.H. Auden<\/strong> <\/span>et\u00a0<span style=\"color: #000000;\"><strong>Gertrude Stein<\/strong><\/span>. <span style=\"color: #008000;\"><strong>Claude Arnaud<\/strong><\/span> y a accord\u00e9 un long entretien \u00e0 Serge Linar\u00e8s, sur la gen\u00e8se de la biographie qu&rsquo;il a consacr\u00e9 au po\u00e8te.\u00a0<a title=\"editions de l'herne\" href=\"http:\/\/www.editionsdelherne.com\/publication\/cahier-cocteau\/\" target=\"_blank\" rel=\"noopener\">Pour en savoir plus, feuilleter ou acqu\u00e9rir ce Cahier<\/a>\u00a0<span style=\"line-height: 17.92px; font-size: 0.8em;\">&#8230;<\/span><\/p>\n<p>Pour lire le d\u00e9but <a href=\"http:\/\/www.claude-arnaud.com\/fr\/wp-content\/uploads\/2016\/01\/Int.-Cahiers-de-lHerne.pdf\">de cet entretien dans les Cahiers de l&rsquo;Herne<\/a>&#8230;<\/p>\n<p><a href=\"http:\/\/www.claude-arnaud.com\/fr\/wp-content\/uploads\/2018\/09\/largeportrait_8c470694.jpg\"><img loading=\"lazy\" decoding=\"async\" class=\"alignleft size-full wp-image-9356\" title=\"largeportrait_8c470694\" src=\"http:\/\/www.claude-arnaud.com\/fr\/wp-content\/uploads\/2018\/09\/largeportrait_8c470694.jpg\" alt=\"\" width=\"150\" height=\"150\" srcset=\"https:\/\/www.claude-arnaud.com\/fr\/wp-content\/uploads\/2018\/09\/largeportrait_8c470694.jpg 150w, https:\/\/www.claude-arnaud.com\/fr\/wp-content\/uploads\/2018\/09\/largeportrait_8c470694-48x48.jpg 48w\" sizes=\"auto, (max-width: 150px) 100vw, 150px\" \/><\/a>\u00ab\u00a0C\u2019est \u00e0 <span style=\"color: #339966;\"><strong>Claude Arnaud<\/strong><\/span>, \u00e0 qui l\u2019on doit une biographie exemplaire de Cocteau, que revient d\u2019ouvrir ce\u00a0<em>Cahier de<a href=\"http:\/\/www.claude-arnaud.com\/fr\/wp-content\/uploads\/2015\/12\/imgres.png\"><img loading=\"lazy\" decoding=\"async\" class=\"alignright size-full wp-image-6489\" title=\"imgres\" src=\"http:\/\/www.claude-arnaud.com\/fr\/wp-content\/uploads\/2015\/12\/imgres.png\" alt=\"\" width=\"120\" height=\"120\" srcset=\"https:\/\/www.claude-arnaud.com\/fr\/wp-content\/uploads\/2015\/12\/imgres.png 120w, https:\/\/www.claude-arnaud.com\/fr\/wp-content\/uploads\/2015\/12\/imgres-48x48.png 48w\" sizes=\"auto, (max-width: 120px) 100vw, 120px\" \/><\/a> L\u2019Herne, <\/em>\u00e9crit <span style=\"color: #008000;\"><strong>Christine Bini<\/strong><\/span> sur le site de<em> la R\u00e8gle du jeu.<\/em>\u00a0<strong>En quelques dates cl\u00e9s, il saisit de fa\u00e7on fulgurante la vie du po\u00e8te\u00a0: le suicide du p\u00e8re, la guerre de 14-18, la mort de Raymond Radiguet, l\u2019opium, Jean Marais,\u00a0<em>Orph\u00e9e<\/em>\u00a0au Festival de Cannes, l\u2019entr\u00e9e \u00e0 l\u2019Acad\u00e9mie fran\u00e7aise<\/strong>\u2026 Il pose la question de la modernit\u00e9 et la r\u00e9sout ainsi\u00a0: \u00ab\u00a0Sa d\u00e9marche reste moderne, car elle consiste en une remise en jeu constante de soi, en une exp\u00e9rimentation continue de l\u2019identit\u00e9\u00a0\u00bb. <a title=\"la r\u00e8gle du jeu\" href=\"http:\/\/laregledujeu.org\/2016\/02\/29\/27980\/jean-cocteau-la-modernite-du-prince-des-poetes\/\" target=\"_blank\" rel=\"noopener\">Pour lire ce post in extenso<\/a>&#8230;<\/p>\n<p><a href=\"http:\/\/www.claude-arnaud.com\/fr\/wp-content\/uploads\/2016\/01\/entree-libre-france-5-emission-culturelle.jpg\"><img loading=\"lazy\" decoding=\"async\" class=\"alignleft  wp-image-6562\" title=\"entree-libre-france-5-emission-culturelle\" src=\"http:\/\/www.claude-arnaud.com\/fr\/wp-content\/uploads\/2016\/01\/entree-libre-france-5-emission-culturelle.jpg\" alt=\"\" width=\"219\" height=\"101\" srcset=\"https:\/\/www.claude-arnaud.com\/fr\/wp-content\/uploads\/2016\/01\/entree-libre-france-5-emission-culturelle.jpg 323w, https:\/\/www.claude-arnaud.com\/fr\/wp-content\/uploads\/2016\/01\/entree-libre-france-5-emission-culturelle-300x137.jpg 300w\" sizes=\"auto, (max-width: 219px) 100vw, 219px\" \/><\/a>*<strong>Le 18 mars 2016,\u00a0 \u00e0 20h15<\/strong> sur<span style=\"color: #008000;\"><strong> France 5<\/strong><\/span>, <span style=\"color: #008000;\"><strong>Claude ARNAUD<\/strong><\/span>\u00a0est intervenu\u00a0dans l&rsquo;\u00e9mission \u00ab\u00a0<span style=\"color: #008000;\"><strong>Entr\u00e9e libre<\/strong><\/span>\u00ab\u00a0, anim\u00e9e par <strong>Claire CHAZAL<\/strong>, dans l&rsquo;ultime section\u00a0d\u00e9di\u00e9e \u00e0 <span style=\"color: #008000;\"><strong>COCTEAU<\/strong><\/span>, \u00e0 l&rsquo;occasion de la sortie des ces <strong>Cahiers de l&rsquo;Herne.<\/strong><\/p>\n","protected":false},"excerpt":{"rendered":"<p>Les Cahiers de l&rsquo;Herne\u00a0publient, en ce d\u00e9but\u00a02016,\u00a0sous la direction de Serge Linar\u00e8s, un num\u00e9ro (le 113\u00e8me) consacr\u00e9 \u00e0 Cocteau. Ce volume substantiel ( (544 pages!) \u00a0comporte de nombreuses contributions d&rsquo;\u00e9crivains (Anouilh, Aragon, Berl, Carpentier, Colette, Genet, Mauriac, MIshima, Modiano, Morand&#8230;) dont celles, in\u00e9dites en fran\u00e7ais, de Jos\u00e9 Luis Borg\u00e8s,\u00a0W.H. Auden et\u00a0Gertrude Stein. Claude Arnaud y [&hellip;]<\/p>\n","protected":false},"author":2,"featured_media":0,"comment_status":"open","ping_status":"open","sticky":false,"template":"","format":"standard","meta":{"footnotes":""},"categories":[3],"tags":[],"class_list":["post-6471","post","type-post","status-publish","format-standard","hentry","category-livres","count-0","even alt","author-claude-arnaud","last"],"post_mailing_queue_ids":[],"_links":{"self":[{"href":"https:\/\/www.claude-arnaud.com\/fr\/wp-json\/wp\/v2\/posts\/6471","targetHints":{"allow":["GET"]}}],"collection":[{"href":"https:\/\/www.claude-arnaud.com\/fr\/wp-json\/wp\/v2\/posts"}],"about":[{"href":"https:\/\/www.claude-arnaud.com\/fr\/wp-json\/wp\/v2\/types\/post"}],"author":[{"embeddable":true,"href":"https:\/\/www.claude-arnaud.com\/fr\/wp-json\/wp\/v2\/users\/2"}],"replies":[{"embeddable":true,"href":"https:\/\/www.claude-arnaud.com\/fr\/wp-json\/wp\/v2\/comments?post=6471"}],"version-history":[{"count":21,"href":"https:\/\/www.claude-arnaud.com\/fr\/wp-json\/wp\/v2\/posts\/6471\/revisions"}],"predecessor-version":[{"id":11615,"href":"https:\/\/www.claude-arnaud.com\/fr\/wp-json\/wp\/v2\/posts\/6471\/revisions\/11615"}],"wp:attachment":[{"href":"https:\/\/www.claude-arnaud.com\/fr\/wp-json\/wp\/v2\/media?parent=6471"}],"wp:term":[{"taxonomy":"category","embeddable":true,"href":"https:\/\/www.claude-arnaud.com\/fr\/wp-json\/wp\/v2\/categories?post=6471"},{"taxonomy":"post_tag","embeddable":true,"href":"https:\/\/www.claude-arnaud.com\/fr\/wp-json\/wp\/v2\/tags?post=6471"}],"curies":[{"name":"wp","href":"https:\/\/api.w.org\/{rel}","templated":true}]}}