{"id":6239,"date":"2016-01-13T17:02:29","date_gmt":"2016-01-13T17:02:29","guid":{"rendered":"http:\/\/www.claude-arnaud.com\/fr\/?p=6239"},"modified":"2021-01-29T13:35:39","modified_gmt":"2021-01-29T12:35:39","slug":"je-ne-voulais-pas-etre-moi","status":"publish","type":"post","link":"https:\/\/www.claude-arnaud.com\/fr\/archives\/6239","title":{"rendered":"\u00ab\u00a0JE NE VOULAIS PAS \u00caTRE MOI\u00a0\u00bb"},"content":{"rendered":"<h6><a href=\"http:\/\/www.claude-arnaud.com\/fr\/wp-content\/uploads\/2015\/12\/Couv-visuel.jpg\"><img loading=\"lazy\" decoding=\"async\" class=\"alignleft size-full wp-image-6240\" title=\"Couv visuel\" src=\"http:\/\/www.claude-arnaud.com\/fr\/wp-content\/uploads\/2015\/12\/Couv-visuel.jpg\" alt=\"\" width=\"280\" height=\"410\" srcset=\"https:\/\/www.claude-arnaud.com\/fr\/wp-content\/uploads\/2015\/12\/Couv-visuel.jpg 280w, https:\/\/www.claude-arnaud.com\/fr\/wp-content\/uploads\/2015\/12\/Couv-visuel-204x300.jpg 204w\" sizes=\"auto, (max-width: 280px) 100vw, 280px\" \/><\/a><strong>LE 13 JANVIER 2016<\/strong>, LES EDITIONS GRASSET Ont PUBLIE\u00a0<span style=\"color: #008000;\"><em><strong>JE NE VOULAIS PAS \u00caTRE MOI<\/strong><\/em><\/span>, LE NOUVEAU ROMAN DE <span style=\"color: #008000;\"><strong>CLAUDE ARNAUD<\/strong><\/span>. TROISIEME ET DERNIER TOME DU CYCLE AUTOBIOGRAPHIQUE INAUGURE AVEC <span style=\"color: #008000;\"><em><strong>QU&rsquo;AS-TU FAIT DE TES FRERES<\/strong><\/em><\/span>, ET CONTINUE AVEC <em><strong>BREVES SAISONS AU PARADIS<\/strong><\/em>, <span style=\"color: #008000;\"><strong><em>JE NE VOULAIS PAS \u00caTRE MOI<\/em><\/strong><span style=\"color: #000000;\"> EST LE LIVRE DE LA RESSAISIE DE SOI, AU TERME DES MILLE EPREUVES QUE LA VIE NOUS INFLIGE, ET QU&rsquo;ON SUSCITE PARFOIS,\u00a0 <strong><span style=\"color: #008000;\">par haine de la routine et l&rsquo;ennui<\/span>&#8230;<\/strong><\/span><\/span><\/h6>\n<p><span style=\"color: #008000;\"><span style=\"color: #000000;\"><strong>EN 4\u00b0 DE COUVERTURE<\/strong>:\u00a0<strong>\u00ab\u00a0Il avait pass\u00e9 sa vie \u00e0 vouloir \u00eatre d\u2019autres, \u00e0 emprunter l\u2019identit\u00e9 de ses fr\u00e8res puis de ceux qu\u2019il aimait. Ayant surmont\u00e9 la mort de sa m\u00e8re et le suicide de son a\u00een\u00e9, v\u00e9cu avec un homme puis un autre, il\u00a0 pensait s\u2019\u00eatre trouv\u00e9. Mais son monde vole en \u00e9clats lorsqu\u2019un deuxi\u00e8me fr\u00e8re dispara\u00eet en mer et que son p\u00e8re meurt. \u00c0 tout juste quarante ans,\u00a0<\/strong><span style=\"color: #339966;\">Claude ARNAUD<\/span><strong> devient le patriarche d\u2019une famille de fant\u00f4mes.<\/strong><br \/>\n<strong>La d\u00e9couverte\u00a0d\u2019Ha\u00efti\u00a0et l\u2019amour retrouv\u00e9,\u00a0aupr\u00e8s d\u2019une femme, lui permettront de reprendre go\u00fbt \u00e0 la vie et d\u2019ordonner enfin, par l\u2019\u00e9criture, les morceaux de son existence.<\/strong><br \/>\n<span style=\"color: #339966;\"><strong>L\u2019histoire de cette renaissance est universelle : elle interroge ce qui, en chacun de nous, subsiste quand tout s\u2019effondre.<\/strong><\/span><br \/>\n<\/span><\/span><\/p>\n<p><a href=\"http:\/\/www.claude-arnaud.com\/fr\/wp-content\/uploads\/2013\/07\/inrocks.jpg\"><img loading=\"lazy\" decoding=\"async\" class=\"alignleft size-full wp-image-3753\" title=\"inrocks\" src=\"http:\/\/www.claude-arnaud.com\/fr\/wp-content\/uploads\/2013\/07\/inrocks.jpg\" alt=\"\" width=\"139\" height=\"95\" \/><\/a>\u00ab\u00a0<strong>Claude ARNAUD<\/strong>, a qui l&rsquo;on doit le g\u00e9nial <strong><em>Proust contre Cocteau<\/em><\/strong>,\u00a0m\u00e8ne en parall\u00e8le une oeuvre autobiographique. Son nouveau volume <span style=\"color: #008000;\"><strong><em>Je ne voulais pas \u00eatre moi,<\/em><\/strong><\/span> interroge l&rsquo;identit\u00e9. En librairie le 13 janvier.\u00a0\u00bb <strong>Les Inrockuptibles, 25 novembre 2015<\/strong><\/p>\n<p><strong>\u00ab\u00a0Entre le 30 d\u00e9cembre et la fin f\u00e9vrier<\/strong>, 476 nouveaux roman<a href=\"http:\/\/www.claude-arnaud.com\/fr\/wp-content\/uploads\/2010\/08\/images13.jpg\"><img loading=\"lazy\" decoding=\"async\" class=\"alignright size-full wp-image-1967\" title=\"images\" src=\"http:\/\/www.claude-arnaud.com\/fr\/wp-content\/uploads\/2010\/08\/images13.jpg\" alt=\"\" width=\"101\" height=\"36\" \/><\/a>\u00a0arriveront en librairie, annonce <span style=\"color: #008000;\"><strong>Nathalie CROM<\/strong><\/span> dans le <strong>TELERAMA du 8\/12\/2015<\/strong>. Une <em>\u00ab\u00a0petite rentr\u00e9e litt\u00e9raire\u00a0\u00bb,<\/em> \u00e9crit, non sans ironie, le magazine professionnel <em>Livres Hebdo<\/em> (n\u00b01065) \u00e0 qui l&rsquo;on doit la pr\u00e9cieuse recension de ces romans hivernaux (&#8230;)\u00a0<span style=\"color: #008000;\"><strong>Quelques auteurs sont particuli\u00e8rement attendus<\/strong> <\/span>: <strong>Olivier Rolin<\/strong> (<em>Veracruz,<\/em> chez Verdier), Patrick Lapeyre (<em>La Splendeur dans l&rsquo;herbe, <\/em>P.O.L.), <span style=\"color: #008000;\"><strong>Camille Laurens<\/strong><\/span> (<em>Celle que vous croyez,<\/em> Gallimard), Edouard Louis (<em>Histoire de la violence, <\/em>Seuil), Philippe Claudel (<em>L\u2019Arbre du pays Toraja,<\/em> Stock), <strong>Jean Echenoz<\/strong> (<em>Envoy\u00e9e sp\u00e9ciale,<\/em> Minuit), Linda L\u00ea (<em>Roman, <\/em>Bourgois),<strong> Michka Assayas<\/strong> (<em>Un autre monde,<\/em> Rivages), <span style=\"color: #008000;\"><strong>Claude Arnaud<\/strong><\/span> (<em>Je ne voulais pas \u00eatre moi,<\/em> Grasset), Olivia Rosenthal (<em>Toutes les femmes sont des aliens,<\/em> Verticales), Marie Redonnet (<em>La Femme au colt 45,<\/em> Le Tripode), <strong>Nelly Kapri\u00e8lian<\/strong> (<em>Veronica, <\/em>Grasset) ou encore K\u00e9th\u00e9vane Davrichewy (<em>L\u2019Autre Joseph, <\/em>Sabine Wespieser).<\/p>\n<h4><strong>*POUR DECOUVRIR LES REACTIONS, LES ARTICLES ET LES EMISSIONS QUE\u00a0<a title=\"en france\" href=\"http:\/\/www.claude-arnaud.com\/fr\/romans\/je-ne-voulais-pas-etre-moi\/je-ne-voulais-pas-etre-moi-en-france\"><strong>\u00ab\u00a0JE NE VOULAIS PAS \u00caTRE MOI\u00a0\u00bb A DEJA SUSCITE<\/strong>\u00a0<strong>EN FRANCE<\/strong><\/a>&#8230;<\/strong><\/h4>\n<h4><a title=\"je ne v p e m \u00e0 l'\u00e9tanger\" href=\"http:\/\/www.claude-arnaud.com\/fr\/romans\/je-ne-voulais-pas-etre-moi\/je-ne-voulais-pas-etre-moi-abroad-a-letranger\"><strong>ET A L&rsquo;ETRANGER<\/strong><\/a>&#8230;<\/h4>\n","protected":false},"excerpt":{"rendered":"<p>LE 13 JANVIER 2016, LES EDITIONS GRASSET Ont PUBLIE\u00a0JE NE VOULAIS PAS \u00caTRE MOI, LE NOUVEAU ROMAN DE CLAUDE ARNAUD. TROISIEME ET DERNIER TOME DU CYCLE AUTOBIOGRAPHIQUE INAUGURE AVEC QU&rsquo;AS-TU FAIT DE TES FRERES, ET CONTINUE AVEC BREVES SAISONS AU PARADIS, JE NE VOULAIS PAS \u00caTRE MOI EST LE LIVRE DE LA RESSAISIE DE SOI, [&hellip;]<\/p>\n","protected":false},"author":2,"featured_media":0,"comment_status":"open","ping_status":"open","sticky":false,"template":"","format":"standard","meta":{"footnotes":""},"categories":[6],"tags":[],"class_list":["post-6239","post","type-post","status-publish","format-standard","hentry","category-evenements","count-0","even alt","author-claude-arnaud","last"],"post_mailing_queue_ids":[],"_links":{"self":[{"href":"https:\/\/www.claude-arnaud.com\/fr\/wp-json\/wp\/v2\/posts\/6239","targetHints":{"allow":["GET"]}}],"collection":[{"href":"https:\/\/www.claude-arnaud.com\/fr\/wp-json\/wp\/v2\/posts"}],"about":[{"href":"https:\/\/www.claude-arnaud.com\/fr\/wp-json\/wp\/v2\/types\/post"}],"author":[{"embeddable":true,"href":"https:\/\/www.claude-arnaud.com\/fr\/wp-json\/wp\/v2\/users\/2"}],"replies":[{"embeddable":true,"href":"https:\/\/www.claude-arnaud.com\/fr\/wp-json\/wp\/v2\/comments?post=6239"}],"version-history":[{"count":59,"href":"https:\/\/www.claude-arnaud.com\/fr\/wp-json\/wp\/v2\/posts\/6239\/revisions"}],"predecessor-version":[{"id":11618,"href":"https:\/\/www.claude-arnaud.com\/fr\/wp-json\/wp\/v2\/posts\/6239\/revisions\/11618"}],"wp:attachment":[{"href":"https:\/\/www.claude-arnaud.com\/fr\/wp-json\/wp\/v2\/media?parent=6239"}],"wp:term":[{"taxonomy":"category","embeddable":true,"href":"https:\/\/www.claude-arnaud.com\/fr\/wp-json\/wp\/v2\/categories?post=6239"},{"taxonomy":"post_tag","embeddable":true,"href":"https:\/\/www.claude-arnaud.com\/fr\/wp-json\/wp\/v2\/tags?post=6239"}],"curies":[{"name":"wp","href":"https:\/\/api.w.org\/{rel}","templated":true}]}}