{"id":5846,"date":"2015-01-07T23:45:01","date_gmt":"2015-01-07T23:45:01","guid":{"rendered":"http:\/\/www.claude-arnaud.com\/fr\/?p=5846"},"modified":"2015-11-27T12:23:34","modified_gmt":"2015-11-27T12:23:34","slug":"ce-mercredi-noir-sur-la-place-de-la-republique","status":"publish","type":"post","link":"https:\/\/www.claude-arnaud.com\/fr\/archives\/5846","title":{"rendered":"CE MERCREDI NOIR, PLACE DE LA REPUBLIQUE&#8230;"},"content":{"rendered":"<p><strong><a href=\"http:\/\/www.claude-arnaud.com\/fr\/wp-content\/uploads\/2015\/01\/charlie-hebdo-republique-3044832-jpg_2650281_652x284.jpg\"><img loading=\"lazy\" decoding=\"async\" class=\"alignleft size-medium wp-image-5847\" title=\"charlie-hebdo-republique-3044832-jpg_2650281_652x284\" src=\"http:\/\/www.claude-arnaud.com\/fr\/wp-content\/uploads\/2015\/01\/charlie-hebdo-republique-3044832-jpg_2650281_652x284-300x130.jpg\" alt=\"\" width=\"300\" height=\"130\" srcset=\"https:\/\/www.claude-arnaud.com\/fr\/wp-content\/uploads\/2015\/01\/charlie-hebdo-republique-3044832-jpg_2650281_652x284-300x130.jpg 300w, https:\/\/www.claude-arnaud.com\/fr\/wp-content\/uploads\/2015\/01\/charlie-hebdo-republique-3044832-jpg_2650281_652x284.jpg 652w\" sizes=\"auto, (max-width: 300px) 100vw, 300px\" \/><\/a>Le mercredi 7 janvier 2015<\/strong>, <span style=\"color: #008000;\"><strong>CLAUDE ARNAUD<\/strong><\/span> \u00e9tait, comme des dizaines de milliers de <strong>Parisiens<\/strong>, sur la place de la R\u00e9publique pour t\u00e9moigner de <strong>son effroi, de sa <span style=\"color: #008000;\">naus\u00e9e<\/span> et de sa col\u00e8re<\/strong> devant l&rsquo;assassinat par des<strong> nazislamistes<\/strong>\u00a0des principaux r\u00e9dacteurs et dessinateurs d&rsquo;un magazine satyrique, \u00ab\u00a0coupables\u00a0\u00bb d&rsquo;avoir persist\u00e9 \u00e0 vouloir pouvoir rire des religions, comme <span style=\"color: #008000;\"><strong>de deux policiers<\/strong><\/span> charg\u00e9s de leur protection, tout comme les clients de<strong> l&rsquo;Hypermarche Casher<\/strong>\u00a0 seront massacr\u00e9s, trois jours plus tard, eux \u00e9tant jug\u00e9s \u00ab\u00a0coupables\u00a0\u00bb de pratiquer leur religion. <strong>Dans leur impatience \u00e0 d\u00e9truire, les <span style=\"color: #008000;\">amants de la Mort<\/span> ne cherchent que leur an\u00e9antissement, et nous ferons tout pour qu&rsquo;ils le trouvent.<\/strong><\/p>\n<p>&nbsp;<\/p>\n","protected":false},"excerpt":{"rendered":"<p>Le mercredi 7 janvier 2015, CLAUDE ARNAUD \u00e9tait, comme des dizaines de milliers de Parisiens, sur la place de la R\u00e9publique pour t\u00e9moigner de son effroi, de sa naus\u00e9e et de sa col\u00e8re devant l&rsquo;assassinat par des nazislamistes\u00a0des principaux r\u00e9dacteurs et dessinateurs d&rsquo;un magazine satyrique, \u00ab\u00a0coupables\u00a0\u00bb d&rsquo;avoir persist\u00e9 \u00e0 vouloir pouvoir rire des religions, comme [&hellip;]<\/p>\n","protected":false},"author":2,"featured_media":0,"comment_status":"open","ping_status":"open","sticky":false,"template":"","format":"standard","meta":{"footnotes":""},"categories":[6],"tags":[],"class_list":["post-5846","post","type-post","status-publish","format-standard","hentry","category-evenements","count-0","even alt","author-claude-arnaud","last"],"post_mailing_queue_ids":[],"_links":{"self":[{"href":"https:\/\/www.claude-arnaud.com\/fr\/wp-json\/wp\/v2\/posts\/5846","targetHints":{"allow":["GET"]}}],"collection":[{"href":"https:\/\/www.claude-arnaud.com\/fr\/wp-json\/wp\/v2\/posts"}],"about":[{"href":"https:\/\/www.claude-arnaud.com\/fr\/wp-json\/wp\/v2\/types\/post"}],"author":[{"embeddable":true,"href":"https:\/\/www.claude-arnaud.com\/fr\/wp-json\/wp\/v2\/users\/2"}],"replies":[{"embeddable":true,"href":"https:\/\/www.claude-arnaud.com\/fr\/wp-json\/wp\/v2\/comments?post=5846"}],"version-history":[{"count":9,"href":"https:\/\/www.claude-arnaud.com\/fr\/wp-json\/wp\/v2\/posts\/5846\/revisions"}],"predecessor-version":[{"id":5852,"href":"https:\/\/www.claude-arnaud.com\/fr\/wp-json\/wp\/v2\/posts\/5846\/revisions\/5852"}],"wp:attachment":[{"href":"https:\/\/www.claude-arnaud.com\/fr\/wp-json\/wp\/v2\/media?parent=5846"}],"wp:term":[{"taxonomy":"category","embeddable":true,"href":"https:\/\/www.claude-arnaud.com\/fr\/wp-json\/wp\/v2\/categories?post=5846"},{"taxonomy":"post_tag","embeddable":true,"href":"https:\/\/www.claude-arnaud.com\/fr\/wp-json\/wp\/v2\/tags?post=5846"}],"curies":[{"name":"wp","href":"https:\/\/api.w.org\/{rel}","templated":true}]}}