{"id":377,"date":"2006-06-30T14:53:07","date_gmt":"2006-06-30T12:53:07","guid":{"rendered":"http:\/\/www.claude-arnaud.com\/fr\/?p=377"},"modified":"2024-08-04T11:01:59","modified_gmt":"2024-08-04T10:01:59","slug":"a-la-fondation-maeght","status":"publish","type":"post","link":"https:\/\/www.claude-arnaud.com\/fr\/archives\/377","title":{"rendered":"A la Fondation Maeght&#8230;"},"content":{"rendered":"<p><span style=\"color: #008000;\"><strong><a href=\"http:\/\/www.claude-arnaud.com\/fr\/wp-content\/uploads\/2006\/06\/images-4.jpg\"><img loading=\"lazy\" decoding=\"async\" class=\"alignleft size-full wp-image-1649\" title=\"images-4\" src=\"http:\/\/www.claude-arnaud.com\/fr\/wp-content\/uploads\/2006\/06\/images-4.jpg\" alt=\"\" width=\"118\" height=\"140\" \/><\/a>Le 30 juin 2006<\/strong><\/span>, l\u2019exposition \u201cLe noir est une couleur\u201d, cordonn\u00e9e par <span style=\"color: #008000;\"><strong>Dominique PA\u00cfNI<\/strong><\/span>, a \u00e9t\u00e9 inaugur\u00e9e \u00e0 la <span style=\"color: #008000;\"><strong>fondation Maeght<\/strong><\/span>, \u00e0 Saint-Paul-de-Vence. Contribution de <span style=\"color: #008000;\"><strong>Claude ARNAUD<\/strong><\/span> au catalogue : \u201c<strong>Noire est la vie<\/strong>.\u201d<\/p>\n<p><span style=\"color: #008000;\"><a href=\"https:\/\/fr.shopping.rakuten.com\/offer\/buy\/49882876\/Le-Noir-Est-Une-Couleur-Hommage-Vivant-A-Aime-Maeght-30-Juin-5-Novembre-2006-Livre.html\" target=\"_blank\" rel=\"noopener\">Pour trouver ce catalogue<\/a>&#8230;<\/span><\/p>\n<p><a href=\"https:\/\/www.maeght.com\/produit\/le-noir-est-une-couleur\/\" target=\"_blank\" rel=\"noopener\">Ou encore<\/a>&#8230;<\/p>\n","protected":false},"excerpt":{"rendered":"<p>Le 30 juin 2006, l\u2019exposition \u201cLe noir est une couleur\u201d, cordonn\u00e9e par Dominique PA\u00cfNI, a \u00e9t\u00e9 inaugur\u00e9e \u00e0 la fondation Maeght, \u00e0 Saint-Paul-de-Vence. Contribution de Claude ARNAUD au catalogue : \u201cNoire est la vie.\u201d Pour trouver ce catalogue&#8230; Ou encore&#8230;<\/p>\n","protected":false},"author":1,"featured_media":0,"comment_status":"open","ping_status":"open","sticky":false,"template":"","format":"standard","meta":{"footnotes":""},"categories":[6],"tags":[],"class_list":["post-377","post","type-post","status-publish","format-standard","hentry","category-evenements","count-0","even alt","author-admin","last"],"post_mailing_queue_ids":[],"_links":{"self":[{"href":"https:\/\/www.claude-arnaud.com\/fr\/wp-json\/wp\/v2\/posts\/377","targetHints":{"allow":["GET"]}}],"collection":[{"href":"https:\/\/www.claude-arnaud.com\/fr\/wp-json\/wp\/v2\/posts"}],"about":[{"href":"https:\/\/www.claude-arnaud.com\/fr\/wp-json\/wp\/v2\/types\/post"}],"author":[{"embeddable":true,"href":"https:\/\/www.claude-arnaud.com\/fr\/wp-json\/wp\/v2\/users\/1"}],"replies":[{"embeddable":true,"href":"https:\/\/www.claude-arnaud.com\/fr\/wp-json\/wp\/v2\/comments?post=377"}],"version-history":[{"count":7,"href":"https:\/\/www.claude-arnaud.com\/fr\/wp-json\/wp\/v2\/posts\/377\/revisions"}],"predecessor-version":[{"id":16158,"href":"https:\/\/www.claude-arnaud.com\/fr\/wp-json\/wp\/v2\/posts\/377\/revisions\/16158"}],"wp:attachment":[{"href":"https:\/\/www.claude-arnaud.com\/fr\/wp-json\/wp\/v2\/media?parent=377"}],"wp:term":[{"taxonomy":"category","embeddable":true,"href":"https:\/\/www.claude-arnaud.com\/fr\/wp-json\/wp\/v2\/categories?post=377"},{"taxonomy":"post_tag","embeddable":true,"href":"https:\/\/www.claude-arnaud.com\/fr\/wp-json\/wp\/v2\/tags?post=377"}],"curies":[{"name":"wp","href":"https:\/\/api.w.org\/{rel}","templated":true}]}}