{"id":3635,"date":"2013-07-05T23:09:34","date_gmt":"2013-07-05T23:09:34","guid":{"rendered":"http:\/\/www.claude-arnaud.com\/fr\/?p=3635"},"modified":"2024-08-12T16:37:02","modified_gmt":"2024-08-12T15:37:02","slug":"bernard-minoret-nest-plus","status":"publish","type":"post","link":"https:\/\/www.claude-arnaud.com\/fr\/archives\/3635","title":{"rendered":"BERNARD MINORET n&rsquo;est plus&#8230;"},"content":{"rendered":"<p><a href=\"http:\/\/www.claude-arnaud.com\/fr\/wp-content\/uploads\/2013\/07\/P1010026.jpg\"><img loading=\"lazy\" decoding=\"async\" class=\"alignleft size-medium wp-image-3639\" title=\"OLYMPUS DIGITAL CAMERA\" src=\"http:\/\/www.claude-arnaud.com\/fr\/wp-content\/uploads\/2013\/07\/P1010026-300x225.jpg\" alt=\"\" width=\"300\" height=\"225\" srcset=\"https:\/\/www.claude-arnaud.com\/fr\/wp-content\/uploads\/2013\/07\/P1010026-300x225.jpg 300w, https:\/\/www.claude-arnaud.com\/fr\/wp-content\/uploads\/2013\/07\/P1010026-1024x768.jpg 1024w\" sizes=\"auto, (max-width: 300px) 100vw, 300px\" \/><\/a>Il est difficile d&rsquo;\u00e9voquer, dans un espace aussi \u00e9troit que ce blog, <span style=\"color: #008000;\"><strong>une personnalit\u00e9 aussi forte et singuli\u00e8re<\/strong><\/span>, avec qui l&rsquo;on a v\u00e9cu, \u00e9crit, et dont on s&rsquo;est inspir\u00e9 pour composer un livre o\u00f9 il paraissait sous son nom, et avec tous ses attributs, <em>Br\u00e8ves saisons au paradis<\/em> ( Grasset, 2012). Mieux vaut laisser trois autres \u00e9crivains, qui aim\u00e8rent et admir\u00e8rent\u00a0 <span style=\"color: #008000;\"><strong>Bernard MINORET<\/strong><\/span>, lui rendre hommage\u00a0 <strong>C\u00e9cile GUILBERT<\/strong>, <a title=\"Le Monde Necrologie\" href=\"http:\/\/www.lemonde.fr\/disparitions\/article\/2013\/07\/19\/bernard-minoret-ecrivain-et-personnage-romanesque-n-est-plus_3449861_3382.html\" target=\"_blank\" rel=\"noopener\">dans les pages du Monde du 19\/07\/2013<\/a>,\u00a0 <a href=\"http:\/\/www.claude-arnaud.com\/fr\/wp-content\/uploads\/2013\/07\/Bernard-Minoret-par-B.-Duteurtre.doc\">Benoit DUTEURTRE<\/a> dans celles du Figaro du 10\/07, enfin <span style=\"color: #008000;\"><strong>Marc LAMBRON<\/strong><\/span>, qui r\u00e9digea ce discours \u00e0 l&rsquo;occasion de la remise d&rsquo;une d\u00e9coration <a href=\"http:\/\/www.claude-arnaud.com\/fr\/wp-content\/uploads\/2013\/07\/BERNARD-M.-par-M.-LAMBRON.rtf\">qui ne put avoir lieu avant sa mort&#8230;<\/a><\/p>\n<p>(B. Minoret par Willy Maywald)<\/p>\n<p>Ceux qui l&rsquo;ont connus, crois\u00e9s, ou regrettent de n&rsquo;avoir pu le faire pourront se reporter \u00e0 l&rsquo;hommage rendu par l&rsquo;auteur de ce blog, aux c\u00f4t\u00e9s de <strong>Jacques FIESCHI<\/strong> et de <span style=\"color: #008000;\"><strong>Fabrice LUCHINI<\/strong><\/span>, <a href=\"http:\/\/www.claude-arnaud.com\/fr\/wp-content\/uploads\/2013\/07\/Bernard.-St-Roch.rtf\">en l&rsquo;\u00e9glise St Roch de Paris, le 12 juillet 2013<\/a>&#8230;<\/p>\n<p>A d\u00e9couvrir aussi, l&rsquo;article publi\u00e9 pour l&rsquo;occasion par <a href=\"https:\/\/www.connaissancedesarts.com\/monuments-patrimoine\/deces-de-lecrivain-bernard-minoret-111270\/\" target=\"_blank\" rel=\"noopener\">CONNAISSANCE DES ARTS<\/a>&#8230;<\/p>\n<p>On relira aussi avec profit le texte d\u00e9cisif que <span style=\"color: #008000;\"><strong>Bernard MINORET<\/strong><\/span> inspira, \u00e0 travers les pastiches qu&rsquo;il \u00e9crivit avec <strong>Philippe JULLIAN<\/strong>, <em>Les Morot-Chandonneur<\/em>, \u00e0 <span style=\"color: #008000;\"><strong>Marc LAMBRON<\/strong><\/span>, in<em> Carnet de bal (3)<\/em>, ed. Grasset, 2011.<\/p>\n<p>Pour trouver <span style=\"color: #008000;\"><em><strong>La Fuite en Chine<\/strong><\/em><\/span>, la pi\u00e8ce qu&rsquo;il \u00e9crivit avec <strong>Dani\u00e8le VEZOLLES<\/strong> <a title=\"priceminister\" href=\"http:\/\/www.priceminister.com\/offer\/buy\/136302097\/l-avant-scene-theatre-n-716-la-fuite-en-chine-de-bernard-minoret-et-danielle-vezolles-suivi-de-le-de-minoret-bernard-vezolles-da.html\" target=\"_blank\" rel=\"noopener\">et que <span style=\"color: #008000;\"><strong>Roland BARTHES<\/strong><\/span> pr\u00e9fa\u00e7a&#8230;<\/a><\/p>\n<p>A l&rsquo;\u00e9t\u00e9 2014, <strong>un important fonds comportant 25 cartons de manuscrits, correspondances, photos, documents divers<\/strong>, a \u00e9t\u00e9 d\u00e9pose \u00e0 <span style=\"color: #339966;\"><strong>l&rsquo;IMEC<\/strong><\/span> par son ayant-droit. Il est en cours de traitement.<\/p>\n","protected":false},"excerpt":{"rendered":"<p>Il est difficile d&rsquo;\u00e9voquer, dans un espace aussi \u00e9troit que ce blog, une personnalit\u00e9 aussi forte et singuli\u00e8re, avec qui l&rsquo;on a v\u00e9cu, \u00e9crit, et dont on s&rsquo;est inspir\u00e9 pour composer un livre o\u00f9 il paraissait sous son nom, et avec tous ses attributs, Br\u00e8ves saisons au paradis ( Grasset, 2012). Mieux vaut laisser trois [&hellip;]<\/p>\n","protected":false},"author":2,"featured_media":0,"comment_status":"open","ping_status":"open","sticky":false,"template":"","format":"standard","meta":{"footnotes":""},"categories":[7],"tags":[],"class_list":["post-3635","post","type-post","status-publish","format-standard","hentry","category-affinites","count-0","even alt","author-claude-arnaud","last"],"post_mailing_queue_ids":[],"_links":{"self":[{"href":"https:\/\/www.claude-arnaud.com\/fr\/wp-json\/wp\/v2\/posts\/3635","targetHints":{"allow":["GET"]}}],"collection":[{"href":"https:\/\/www.claude-arnaud.com\/fr\/wp-json\/wp\/v2\/posts"}],"about":[{"href":"https:\/\/www.claude-arnaud.com\/fr\/wp-json\/wp\/v2\/types\/post"}],"author":[{"embeddable":true,"href":"https:\/\/www.claude-arnaud.com\/fr\/wp-json\/wp\/v2\/users\/2"}],"replies":[{"embeddable":true,"href":"https:\/\/www.claude-arnaud.com\/fr\/wp-json\/wp\/v2\/comments?post=3635"}],"version-history":[{"count":25,"href":"https:\/\/www.claude-arnaud.com\/fr\/wp-json\/wp\/v2\/posts\/3635\/revisions"}],"predecessor-version":[{"id":11668,"href":"https:\/\/www.claude-arnaud.com\/fr\/wp-json\/wp\/v2\/posts\/3635\/revisions\/11668"}],"wp:attachment":[{"href":"https:\/\/www.claude-arnaud.com\/fr\/wp-json\/wp\/v2\/media?parent=3635"}],"wp:term":[{"taxonomy":"category","embeddable":true,"href":"https:\/\/www.claude-arnaud.com\/fr\/wp-json\/wp\/v2\/categories?post=3635"},{"taxonomy":"post_tag","embeddable":true,"href":"https:\/\/www.claude-arnaud.com\/fr\/wp-json\/wp\/v2\/tags?post=3635"}],"curies":[{"name":"wp","href":"https:\/\/api.w.org\/{rel}","templated":true}]}}