{"id":3620,"date":"2013-07-06T15:29:12","date_gmt":"2013-07-06T15:29:12","guid":{"rendered":"http:\/\/www.claude-arnaud.com\/fr\/?p=3620"},"modified":"2024-03-25T17:44:08","modified_gmt":"2024-03-25T16:44:08","slug":"au-festival-de-lagrasse-dans-les-corbieres","status":"publish","type":"post","link":"https:\/\/www.claude-arnaud.com\/fr\/archives\/3620","title":{"rendered":"AU FESTIVAL DE LAGRASSE, DANS LES CORBIERES"},"content":{"rendered":"<p><span style=\"color: #008000;\"><strong>Le samedi 3 ao\u00fbt 2013<\/strong><\/span>, de 16 \u00e0 18 h., dans le cadre du festival de <span style=\"color: #008000;\"><strong>LAGRASSE<\/strong><\/span>, au<a href=\"http:\/\/www.claude-arnaud.com\/fr\/wp-content\/uploads\/2013\/07\/abbaye_de_lagrasse_corbieres-s.jpg\"><img loading=\"lazy\" decoding=\"async\" class=\"alignright  wp-image-3621\" title=\"abbaye_de_lagrasse_corbieres s\" src=\"http:\/\/www.claude-arnaud.com\/fr\/wp-content\/uploads\/2013\/07\/abbaye_de_lagrasse_corbieres-s.jpg\" alt=\"\" width=\"383\" height=\"257\" \/><\/a> coeur des <strong>CORBIERES<\/strong>, entre <span style=\"color: #008000;\"><strong>Carcassonne<\/strong><\/span>, <strong>Narbonne<\/strong> et <span style=\"color: #008000;\"><strong>Perpignan<\/strong><\/span>, <strong>CLAUDE ARNAUD<\/strong> a parl\u00e9 de l&rsquo;avenir de la communaut\u00e9 et de la fatigue de l&rsquo;individu lors de la Rencontre de l&rsquo;Abbaye. Intitul\u00e9e \u00a0\u00bb <strong>Des fr\u00e8res au Paradis<\/strong>\u00ab\u00a0, son intervention s&rsquo;est appuy\u00e9e sur les deux premiers tomes de sa saga autobiographique (<strong><span style=\"color: #008000;\"><em>Qu&rsquo;as-tu fait de tes fr\u00e8res?<\/em><\/span> <\/strong>2010, <strong><em>Br\u00e8ves saisons au paradis<\/em><\/strong>, 2012, Grasset), pour revenir interroger l<span style=\"color: #008000;\"><strong>&lsquo;esp\u00e9rance collectiviste des ann\u00e9es 70<\/strong><\/span>, avec ses errements, et <strong>la d\u00e9sesp\u00e9rance individualiste d&rsquo;aujourd&rsquo;hui.<\/strong>..<\/p>\n<p><span style=\"color: #008000;\"><strong>Le mercredi 7 ao\u00fbt, \u00e0 21.30<\/strong><\/span>, dans le cadre de <strong>la Nuit tomb\u00e9e<\/strong>, il a encore lu des extraits de <em><span style=\"color: #008000;\"><strong>\u00ab\u00a0Qu&rsquo;as-tu fait de tes fr\u00e8res?\u00a0\u00bb<\/strong><\/span><\/em><\/p>\n<p><a title=\"l'express\" href=\"http:\/\/www.lexpress.fr\/culture\/livre\/festival-litteraire-le-banquet-du-livre-a-lagrasse_1270483.html\" target=\"_blank\" rel=\"noopener\"><span style=\"color: #008000;\"><strong>Pour en savoir plus&#8230;<\/strong><\/span><\/a><\/p>\n<p><span style=\"color: #008000;\"><strong>Renseignements, inscriptions<\/strong><\/span>: association le Marque-page, Maison du Banquet et des g\u00e9n\u00e9rations, Abbaye publique de Lagrasse, PB 5, <strong>11220 LAGRASSE<\/strong><\/p>\n<p>Tel: <span style=\"color: #008000;\"><strong>0468914665<\/strong><\/span>; lamaisondubanquet@orange.fr<\/p>\n","protected":false},"excerpt":{"rendered":"<p>Le samedi 3 ao\u00fbt 2013, de 16 \u00e0 18 h., dans le cadre du festival de LAGRASSE, au coeur des CORBIERES, entre Carcassonne, Narbonne et Perpignan, CLAUDE ARNAUD a parl\u00e9 de l&rsquo;avenir de la communaut\u00e9 et de la fatigue de l&rsquo;individu lors de la Rencontre de l&rsquo;Abbaye. Intitul\u00e9e \u00a0\u00bb Des fr\u00e8res au Paradis\u00ab\u00a0, son intervention [&hellip;]<\/p>\n","protected":false},"author":2,"featured_media":0,"comment_status":"open","ping_status":"open","sticky":false,"template":"","format":"standard","meta":{"footnotes":""},"categories":[5],"tags":[],"class_list":["post-3620","post","type-post","status-publish","format-standard","hentry","category-rencontres","count-0","even alt","author-claude-arnaud","last"],"post_mailing_queue_ids":[],"_links":{"self":[{"href":"https:\/\/www.claude-arnaud.com\/fr\/wp-json\/wp\/v2\/posts\/3620","targetHints":{"allow":["GET"]}}],"collection":[{"href":"https:\/\/www.claude-arnaud.com\/fr\/wp-json\/wp\/v2\/posts"}],"about":[{"href":"https:\/\/www.claude-arnaud.com\/fr\/wp-json\/wp\/v2\/types\/post"}],"author":[{"embeddable":true,"href":"https:\/\/www.claude-arnaud.com\/fr\/wp-json\/wp\/v2\/users\/2"}],"replies":[{"embeddable":true,"href":"https:\/\/www.claude-arnaud.com\/fr\/wp-json\/wp\/v2\/comments?post=3620"}],"version-history":[{"count":17,"href":"https:\/\/www.claude-arnaud.com\/fr\/wp-json\/wp\/v2\/posts\/3620\/revisions"}],"predecessor-version":[{"id":16048,"href":"https:\/\/www.claude-arnaud.com\/fr\/wp-json\/wp\/v2\/posts\/3620\/revisions\/16048"}],"wp:attachment":[{"href":"https:\/\/www.claude-arnaud.com\/fr\/wp-json\/wp\/v2\/media?parent=3620"}],"wp:term":[{"taxonomy":"category","embeddable":true,"href":"https:\/\/www.claude-arnaud.com\/fr\/wp-json\/wp\/v2\/categories?post=3620"},{"taxonomy":"post_tag","embeddable":true,"href":"https:\/\/www.claude-arnaud.com\/fr\/wp-json\/wp\/v2\/tags?post=3620"}],"curies":[{"name":"wp","href":"https:\/\/api.w.org\/{rel}","templated":true}]}}