{"id":3605,"date":"2013-07-05T22:05:58","date_gmt":"2013-07-05T22:05:58","guid":{"rendered":"http:\/\/www.claude-arnaud.com\/fr\/?p=3605"},"modified":"2021-01-29T16:30:13","modified_gmt":"2021-01-29T15:30:13","slug":"au-festival-de-la-correspondance-de-grignan","status":"publish","type":"post","link":"https:\/\/www.claude-arnaud.com\/fr\/archives\/3605","title":{"rendered":"AU FESTIVAL DE LA CORRESPONDANCE DE GRIGNAN&#8230;"},"content":{"rendered":"<p>Le vendredi <strong>5 juillet 2013<\/strong>, <span style=\"color: #008000;\"><strong>CLAUDE ARNAUD<\/strong><\/span> est intervenu au <strong>festival de la Correspondance de<\/strong> <span style=\"color: #008000;\"><strong>GRIGNAN<\/strong><\/span>, dans la Dr\u00f4me, sous le feu des <a href=\"http:\/\/www.claude-arnaud.com\/fr\/wp-content\/uploads\/2013\/07\/edito-affiche.jpg\"><img loading=\"lazy\" decoding=\"async\" class=\"alignright  wp-image-3606\" title=\"edito-affiche\" src=\"http:\/\/www.claude-arnaud.com\/fr\/wp-content\/uploads\/2013\/07\/edito-affiche.jpg\" alt=\"\" width=\"179\" height=\"366\" srcset=\"https:\/\/www.claude-arnaud.com\/fr\/wp-content\/uploads\/2013\/07\/edito-affiche.jpg 240w, https:\/\/www.claude-arnaud.com\/fr\/wp-content\/uploads\/2013\/07\/edito-affiche-146x300.jpg 146w\" sizes=\"auto, (max-width: 179px) 100vw, 179px\" \/><\/a>questions\u00a0 de <strong>Karine PAPILLAUD<\/strong>, afin d&rsquo;\u00e9voquer l&rsquo;\u00e9dition de la correspondance de <span style=\"color: #008000;\"><strong>Fran\u00e7ois MAURIAC<\/strong><\/span> \u00e9tablie par sa belle-fille <strong>Caroline<\/strong>, publi\u00e9e dans la collection <span style=\"color: #008000;\"><strong>BOUQUINS,<\/strong><\/span> aux \u00e9ditions Robert Laffont, correspondance qui a re\u00e7u cette m\u00eame ann\u00e9e <strong>le prix SEVIGNE<\/strong>, dont Claude ARNAUD est l&rsquo;un des jur\u00e9s.<\/p>\n<p><a href=\"https:\/\/issuu.com\/festival-de-la-correspondance\/docs\/programme-2013\" target=\"_blank\" rel=\"noopener\">Pour en savoir plus sur cette rencontre qui s&rsquo;est tenue dans la cour des Adhemar, sous un ciel lav\u00e9 par le mistral&#8230;<\/a><\/p>\n","protected":false},"excerpt":{"rendered":"<p>Le vendredi 5 juillet 2013, CLAUDE ARNAUD est intervenu au festival de la Correspondance de GRIGNAN, dans la Dr\u00f4me, sous le feu des questions\u00a0 de Karine PAPILLAUD, afin d&rsquo;\u00e9voquer l&rsquo;\u00e9dition de la correspondance de Fran\u00e7ois MAURIAC \u00e9tablie par sa belle-fille Caroline, publi\u00e9e dans la collection BOUQUINS, aux \u00e9ditions Robert Laffont, correspondance qui a re\u00e7u cette [&hellip;]<\/p>\n","protected":false},"author":2,"featured_media":0,"comment_status":"open","ping_status":"open","sticky":false,"template":"","format":"standard","meta":{"footnotes":""},"categories":[5],"tags":[],"class_list":["post-3605","post","type-post","status-publish","format-standard","hentry","category-rencontres","count-0","even alt","author-claude-arnaud","last"],"post_mailing_queue_ids":[],"_links":{"self":[{"href":"https:\/\/www.claude-arnaud.com\/fr\/wp-json\/wp\/v2\/posts\/3605","targetHints":{"allow":["GET"]}}],"collection":[{"href":"https:\/\/www.claude-arnaud.com\/fr\/wp-json\/wp\/v2\/posts"}],"about":[{"href":"https:\/\/www.claude-arnaud.com\/fr\/wp-json\/wp\/v2\/types\/post"}],"author":[{"embeddable":true,"href":"https:\/\/www.claude-arnaud.com\/fr\/wp-json\/wp\/v2\/users\/2"}],"replies":[{"embeddable":true,"href":"https:\/\/www.claude-arnaud.com\/fr\/wp-json\/wp\/v2\/comments?post=3605"}],"version-history":[{"count":11,"href":"https:\/\/www.claude-arnaud.com\/fr\/wp-json\/wp\/v2\/posts\/3605\/revisions"}],"predecessor-version":[{"id":11671,"href":"https:\/\/www.claude-arnaud.com\/fr\/wp-json\/wp\/v2\/posts\/3605\/revisions\/11671"}],"wp:attachment":[{"href":"https:\/\/www.claude-arnaud.com\/fr\/wp-json\/wp\/v2\/media?parent=3605"}],"wp:term":[{"taxonomy":"category","embeddable":true,"href":"https:\/\/www.claude-arnaud.com\/fr\/wp-json\/wp\/v2\/categories?post=3605"},{"taxonomy":"post_tag","embeddable":true,"href":"https:\/\/www.claude-arnaud.com\/fr\/wp-json\/wp\/v2\/tags?post=3605"}],"curies":[{"name":"wp","href":"https:\/\/api.w.org\/{rel}","templated":true}]}}