{"id":3498,"date":"2013-07-07T00:40:14","date_gmt":"2013-07-07T00:40:14","guid":{"rendered":"http:\/\/www.claude-arnaud.com\/fr\/?p=3498"},"modified":"2025-01-26T18:26:47","modified_gmt":"2025-01-26T17:26:47","slug":"sur-proust-et-sur-cocteau-encore","status":"publish","type":"post","link":"https:\/\/www.claude-arnaud.com\/fr\/archives\/3498","title":{"rendered":"SUR PROUST &#8211; ET SUR COCTEAU, ENCORE&#8230;"},"content":{"rendered":"<h6><a href=\"http:\/\/www.claude-arnaud.com\/fr\/wp-content\/uploads\/2013\/04\/J.C.-par-Picabia.jpg\"><img loading=\"lazy\" decoding=\"async\" class=\"alignleft  wp-image-3501\" title=\"J.C. par Picabia\" src=\"http:\/\/www.claude-arnaud.com\/fr\/wp-content\/uploads\/2013\/04\/J.C.-par-Picabia-150x150.jpg\" alt=\"\" width=\"170\" height=\"170\" srcset=\"https:\/\/www.claude-arnaud.com\/fr\/wp-content\/uploads\/2013\/04\/J.C.-par-Picabia-150x150.jpg 150w, https:\/\/www.claude-arnaud.com\/fr\/wp-content\/uploads\/2013\/04\/J.C.-par-Picabia-48x48.jpg 48w\" sizes=\"auto, (max-width: 170px) 100vw, 170px\" \/><\/a><span style=\"color: #008000;\"><strong><a href=\"http:\/\/www.claude-arnaud.com\/fr\/wp-content\/uploads\/2013\/04\/Proust-par-J.C-e1374612456107.jpg\"><img loading=\"lazy\" decoding=\"async\" class=\"alignleft  wp-image-3500\" title=\"Proust par J.C\" src=\"http:\/\/www.claude-arnaud.com\/fr\/wp-content\/uploads\/2013\/04\/Proust-par-J.C-e1374612456107.jpg\" alt=\"\" width=\"177\" height=\"237\" \/><\/a>*<span style=\"text-decoration: underline;\">LE 4 SEPTEMBRE 2013<\/span><\/strong><\/span> Les <strong>\u00e9ditions GRASSET<\/strong> ont publi\u00e9 dans leur collection bleue un essai de <strong>Claude ARNAUD<\/strong> intitul\u00e9 <strong><em><span style=\"color: #008000;\">PROUST CONTRE COCTEAU<\/span><\/em><\/strong>.<\/h6>\n<p>Il raconte et analyse la riche relation, largement m\u00e9connue, qui unirent les deux \u00e9crivains, affectivement et litt\u00e9rairement, de 1910 \u00e0 1922 (dessins: <strong>Cocteau par Picabia<\/strong>, <span style=\"color: #008000;\">Proust par Cocteau<\/span>)<\/p>\n<h6><span style=\"text-decoration: underline;\"><a title=\"presentation\" href=\"http:\/\/www.claude-arnaud.com\/fr\/essais\/proust-contre-cocteau\"><strong>*POUR DECOUVRIR une pr\u00e9sentation du livre&#8230;<\/strong><\/a><\/span><\/h6>\n<h6><span style=\"text-decoration: underline;\"><a title=\"en france\" href=\"http:\/\/www.claude-arnaud.com\/fr\/essais\/proust-contre-cocteau\/proust-contre-cocteau-en-france\"><span style=\"color: #008000; text-decoration: underline;\"><strong>*POUR CONNA\u00ceTRE les r\u00e9actions qu&rsquo;il a suscit\u00e9ES en France&#8230;<\/strong><\/span><\/a><\/span><\/h6>\n<h6><span style=\"text-decoration: underline;\"><a title=\"abroad\" href=\"http:\/\/www.claude-arnaud.com\/fr\/essais\/proust-contre-cocteau\/proust-contre-cocteau-abroad-a-letranger\"><strong>*COMME A L&rsquo;ETRANGER\/ABROAD&#8230;<\/strong><\/a><\/span><\/h6>\n<h6><strong><span style=\"color: #339966;\">*<span style=\"color: #008000;\"><a href=\"https:\/\/www.grasset.fr\/livres\/proust-contre-cocteau-9782246805106\" target=\"_blank\" rel=\"noopener\"><span style=\"text-decoration: underline;\">POUR TROUVER CE LIVRE A TRAVERS SON EDITEUR<\/span><\/a>&#8230;<\/span><\/span><\/strong><strong> Au format papier, \u00e0 Paris<\/strong>, sur le site de <a title=\"paris librairies\" href=\"http:\/\/www.parislibrairies.fr\/dlivre.php?gencod=9782246805106\" target=\"_blank\" rel=\"noopener\">Paris librairies&#8230;<\/a> <strong>*Au format papier, dans le reste de la France, aupr\u00e8s de la librairie ou de la Maison de la presse <\/strong><a title=\"lalibrairie\" href=\"http:\/\/www.lalibrairie.com\/tous-les-livres\/proust-contre-cocteau-claude-arnaud-9782246805106.html?auteur=Claude+Arnaud\" target=\"_blank\" rel=\"noopener\">la plus proche de chez vous&#8230;<\/a> <strong> *En version \u00e9lectronique, <\/strong><a title=\"les libraires\" href=\"https:\/\/www.leslibraires.fr\/recherche\/?q=proust+contre+cocteau\" target=\"_blank\" rel=\"noopener\">sur le site Les libraires&#8230;<\/a><\/h6>\n","protected":false},"excerpt":{"rendered":"<p>*LE 4 SEPTEMBRE 2013 Les \u00e9ditions GRASSET ont publi\u00e9 dans leur collection bleue un essai de Claude ARNAUD intitul\u00e9 PROUST CONTRE COCTEAU. Il raconte et analyse la riche relation, largement m\u00e9connue, qui unirent les deux \u00e9crivains, affectivement et litt\u00e9rairement, de 1910 \u00e0 1922 (dessins: Cocteau par Picabia, Proust par Cocteau) *POUR DECOUVRIR une pr\u00e9sentation du [&hellip;]<\/p>\n","protected":false},"author":2,"featured_media":0,"comment_status":"open","ping_status":"open","sticky":false,"template":"","format":"standard","meta":{"footnotes":""},"categories":[3],"tags":[],"class_list":["post-3498","post","type-post","status-publish","format-standard","hentry","category-livres","count-0","even alt","author-claude-arnaud","last"],"post_mailing_queue_ids":[],"_links":{"self":[{"href":"https:\/\/www.claude-arnaud.com\/fr\/wp-json\/wp\/v2\/posts\/3498","targetHints":{"allow":["GET"]}}],"collection":[{"href":"https:\/\/www.claude-arnaud.com\/fr\/wp-json\/wp\/v2\/posts"}],"about":[{"href":"https:\/\/www.claude-arnaud.com\/fr\/wp-json\/wp\/v2\/types\/post"}],"author":[{"embeddable":true,"href":"https:\/\/www.claude-arnaud.com\/fr\/wp-json\/wp\/v2\/users\/2"}],"replies":[{"embeddable":true,"href":"https:\/\/www.claude-arnaud.com\/fr\/wp-json\/wp\/v2\/comments?post=3498"}],"version-history":[{"count":369,"href":"https:\/\/www.claude-arnaud.com\/fr\/wp-json\/wp\/v2\/posts\/3498\/revisions"}],"predecessor-version":[{"id":16573,"href":"https:\/\/www.claude-arnaud.com\/fr\/wp-json\/wp\/v2\/posts\/3498\/revisions\/16573"}],"wp:attachment":[{"href":"https:\/\/www.claude-arnaud.com\/fr\/wp-json\/wp\/v2\/media?parent=3498"}],"wp:term":[{"taxonomy":"category","embeddable":true,"href":"https:\/\/www.claude-arnaud.com\/fr\/wp-json\/wp\/v2\/categories?post=3498"},{"taxonomy":"post_tag","embeddable":true,"href":"https:\/\/www.claude-arnaud.com\/fr\/wp-json\/wp\/v2\/tags?post=3498"}],"curies":[{"name":"wp","href":"https:\/\/api.w.org\/{rel}","templated":true}]}}