{"id":2596,"date":"2011-11-17T15:34:24","date_gmt":"2011-11-17T15:34:24","guid":{"rendered":"http:\/\/www.claude-arnaud.com\/fr\/?p=2596"},"modified":"2014-01-06T13:37:48","modified_gmt":"2014-01-06T13:37:48","slug":"le-prix-jean-jacques-rousseau-2011-attribue-a-claude-arnaud","status":"publish","type":"post","link":"https:\/\/www.claude-arnaud.com\/fr\/archives\/2596","title":{"rendered":"LE PRIX JEAN-JACQUES ROUSSEAU 2011 ATTRIBUE A CLAUDE ARNAUD"},"content":{"rendered":"<p><a href=\"http:\/\/www.claude-arnaud.com\/fr\/wp-content\/uploads\/2011\/11\/images.jpg\"><img loading=\"lazy\" decoding=\"async\" class=\"alignleft size-thumbnail wp-image-2597\" title=\"images\" src=\"http:\/\/www.claude-arnaud.com\/fr\/wp-content\/uploads\/2011\/11\/images-150x150.jpg\" alt=\"\" width=\"150\" height=\"150\" srcset=\"https:\/\/www.claude-arnaud.com\/fr\/wp-content\/uploads\/2011\/11\/images-150x150.jpg 150w, https:\/\/www.claude-arnaud.com\/fr\/wp-content\/uploads\/2011\/11\/images-48x48.jpg 48w\" sizes=\"auto, (max-width: 150px) 100vw, 150px\" \/><\/a>Le <strong>prix Jean-Jacques ROUSSEAU 2011<\/strong> a \u00e9t\u00e9 attribu\u00e9 \u00e0 <span style=\"color: #008000;\"><strong>Claude ARNAUD<\/strong><\/span> pour \u00ab\u00a0<strong>Qu&rsquo;as-tu fait de tes fr\u00e8res?<\/strong>\u00ab\u00a0, paru aux \u00e9ditions Grasset \u00e0 la rentr\u00e9e 2010.<\/p>\n<p>Il lui a \u00e9t\u00e9 d\u00e9cern\u00e9 par un jury de professeurs, d&rsquo;\u00e9diteurs et de lettr\u00e9s compos\u00e9 par <strong><span style=\"color: #008000;\">Romain Estorc<\/span>, <strong>Peter McPhee<\/strong><\/strong>, <strong><span style=\"color: #008000;\">Lo\u00efc Di Stefano<\/span>, <strong>Andr\u00e9 Mir, <strong><span style=\"color: #008000;\">Carine S\u00e9bastien<\/span>, <strong>Ir\u00e8ne De Angelis et <span style=\"color: #008000;\"><strong>Pascal Le Vigoureux<\/strong><\/span><\/strong><\/strong><\/strong><\/strong>, dans le mus\u00e9e Rousseau de Montmorency, le samedi 19 novembre 2011.<\/p>\n<p>\u00a0\u00bb <strong>Il est rare de voir d\u00e9crit avec autant de justesse et de mani\u00e8re presque tendre une \u00e9poque dont on comprend qu\u2019elle ne le fut gu\u00e8re avec ceux qui l\u2019\u00e9pous\u00e8rent et voulurent la r\u00e9inventer. Au-del\u00e0 de la peinture de milieux h\u00e9t\u00e9roclites et riches en rencontres, de l\u2019\u00e9volution d\u2019une soci\u00e9t\u00e9 qui peine\u00a0 \u00e0 se remettre sur ses deux pieds apr\u00e8s l\u2019ouragan de 68 (&#8230;) le comit\u00e9 de lecture a aim\u00e9 l\u2019originalit\u00e9 du point de vue, d\u00e9fendu avec finesse et sans jamais sombrer dans la caricature, l\u2019\u00e9quilibre entre les mutations de la soci\u00e9t\u00e9 et celles de la famille, et l\u2019extr\u00eame sinc\u00e9rit\u00e9 du r\u00e9cit.<\/strong> \u00a0\u00bb<\/p>\n<p><a title=\"Bibliobs\" href=\"http:\/\/bibliobs.nouvelobs.com\/actualites\/20111201.OBS5813\/le-prix-rousseau-pour-claude-arnaud.html\" target=\"_blank\">Pour en savoir plus&#8230;<\/a><\/p>\n","protected":false},"excerpt":{"rendered":"<p>Le prix Jean-Jacques ROUSSEAU 2011 a \u00e9t\u00e9 attribu\u00e9 \u00e0 Claude ARNAUD pour \u00ab\u00a0Qu&rsquo;as-tu fait de tes fr\u00e8res?\u00ab\u00a0, paru aux \u00e9ditions Grasset \u00e0 la rentr\u00e9e 2010. Il lui a \u00e9t\u00e9 d\u00e9cern\u00e9 par un jury de professeurs, d&rsquo;\u00e9diteurs et de lettr\u00e9s compos\u00e9 par Romain Estorc, Peter McPhee, Lo\u00efc Di Stefano, Andr\u00e9 Mir, Carine S\u00e9bastien, Ir\u00e8ne De Angelis [&hellip;]<\/p>\n","protected":false},"author":2,"featured_media":0,"comment_status":"open","ping_status":"open","sticky":false,"template":"","format":"standard","meta":{"footnotes":""},"categories":[6],"tags":[],"class_list":["post-2596","post","type-post","status-publish","format-standard","hentry","category-evenements","count-0","even alt","author-claude-arnaud","last"],"post_mailing_queue_ids":[],"_links":{"self":[{"href":"https:\/\/www.claude-arnaud.com\/fr\/wp-json\/wp\/v2\/posts\/2596","targetHints":{"allow":["GET"]}}],"collection":[{"href":"https:\/\/www.claude-arnaud.com\/fr\/wp-json\/wp\/v2\/posts"}],"about":[{"href":"https:\/\/www.claude-arnaud.com\/fr\/wp-json\/wp\/v2\/types\/post"}],"author":[{"embeddable":true,"href":"https:\/\/www.claude-arnaud.com\/fr\/wp-json\/wp\/v2\/users\/2"}],"replies":[{"embeddable":true,"href":"https:\/\/www.claude-arnaud.com\/fr\/wp-json\/wp\/v2\/comments?post=2596"}],"version-history":[{"count":7,"href":"https:\/\/www.claude-arnaud.com\/fr\/wp-json\/wp\/v2\/posts\/2596\/revisions"}],"predecessor-version":[{"id":2604,"href":"https:\/\/www.claude-arnaud.com\/fr\/wp-json\/wp\/v2\/posts\/2596\/revisions\/2604"}],"wp:attachment":[{"href":"https:\/\/www.claude-arnaud.com\/fr\/wp-json\/wp\/v2\/media?parent=2596"}],"wp:term":[{"taxonomy":"category","embeddable":true,"href":"https:\/\/www.claude-arnaud.com\/fr\/wp-json\/wp\/v2\/categories?post=2596"},{"taxonomy":"post_tag","embeddable":true,"href":"https:\/\/www.claude-arnaud.com\/fr\/wp-json\/wp\/v2\/tags?post=2596"}],"curies":[{"name":"wp","href":"https:\/\/api.w.org\/{rel}","templated":true}]}}