{"id":2528,"date":"2011-09-15T23:58:11","date_gmt":"2011-09-15T23:58:11","guid":{"rendered":"http:\/\/www.claude-arnaud.com\/fr\/?p=2528"},"modified":"2021-03-04T17:10:33","modified_gmt":"2021-03-04T16:10:33","slug":"de-chair-et-de-papier","status":"publish","type":"post","link":"https:\/\/www.claude-arnaud.com\/fr\/archives\/2528","title":{"rendered":"DE CHAIR ET DE PAPIER&#8230;"},"content":{"rendered":"<p><strong><a href=\"http:\/\/www.claude-arnaud.com\/fr\/wp-content\/uploads\/2011\/10\/frebou11.jpg\"><img loading=\"lazy\" decoding=\"async\" class=\"alignleft size-thumbnail wp-image-2529\" title=\"frebou11\" src=\"http:\/\/www.claude-arnaud.com\/fr\/wp-content\/uploads\/2011\/10\/frebou11-150x150.jpg\" alt=\"\" width=\"108\" height=\"108\" srcset=\"https:\/\/www.claude-arnaud.com\/fr\/wp-content\/uploads\/2011\/10\/frebou11-150x150.jpg 150w, https:\/\/www.claude-arnaud.com\/fr\/wp-content\/uploads\/2011\/10\/frebou11-48x48.jpg 48w\" sizes=\"auto, (max-width: 108px) 100vw, 108px\" \/><\/a>LE POINT<\/strong>, dans son num\u00e9ro 2038 du 6 Octobre 2011, a publi\u00e9 un article de <span style=\"color: #008000;\"><strong>Claude ARNAUD<\/strong><\/span> sur le livre touchant d&rsquo;<strong>Olivier FREBOURG<\/strong>, <span style=\"color: #008000;\"><strong>Gaston et Gustave<\/strong><\/span> ( Mercure de France), o\u00f9 la perte d&rsquo;un enfant pr\u00e9matur\u00e9 est mis en \u00e9cho avec le refus d&rsquo;enfanter de <strong>FLAUBERT (Fr\u00e9bourg est devenu entretemps le laur\u00e9at du prix D\u00e9cembre 2001, avec Jean-Christophe Bailly)<\/strong>&#8230;<\/p>\n<p><a title=\"le point\" href=\"http:\/\/www.lepoint.fr\/livres\/olivier-frebourg-de-chair-et-de-papier-06-10-2011-1384399_37.php\" target=\"_blank\" rel=\"noopener\">Pour lire cet article&#8230; \u00a0<\/a>et dans sa <a href=\"http:\/\/www.claude-arnaud.com\/fr\/wp-content\/uploads\/2011\/09\/Fre\u0301bourg.pdf\">version papier<\/a><\/p>\n","protected":false},"excerpt":{"rendered":"<p>LE POINT, dans son num\u00e9ro 2038 du 6 Octobre 2011, a publi\u00e9 un article de Claude ARNAUD sur le livre touchant d&rsquo;Olivier FREBOURG, Gaston et Gustave ( Mercure de France), o\u00f9 la perte d&rsquo;un enfant pr\u00e9matur\u00e9 est mis en \u00e9cho avec le refus d&rsquo;enfanter de FLAUBERT (Fr\u00e9bourg est devenu entretemps le laur\u00e9at du prix D\u00e9cembre [&hellip;]<\/p>\n","protected":false},"author":2,"featured_media":0,"comment_status":"open","ping_status":"open","sticky":false,"template":"","format":"standard","meta":{"footnotes":""},"categories":[4],"tags":[],"class_list":["post-2528","post","type-post","status-publish","format-standard","hentry","category-articles","count-0","even alt","author-claude-arnaud","last"],"post_mailing_queue_ids":[],"_links":{"self":[{"href":"https:\/\/www.claude-arnaud.com\/fr\/wp-json\/wp\/v2\/posts\/2528","targetHints":{"allow":["GET"]}}],"collection":[{"href":"https:\/\/www.claude-arnaud.com\/fr\/wp-json\/wp\/v2\/posts"}],"about":[{"href":"https:\/\/www.claude-arnaud.com\/fr\/wp-json\/wp\/v2\/types\/post"}],"author":[{"embeddable":true,"href":"https:\/\/www.claude-arnaud.com\/fr\/wp-json\/wp\/v2\/users\/2"}],"replies":[{"embeddable":true,"href":"https:\/\/www.claude-arnaud.com\/fr\/wp-json\/wp\/v2\/comments?post=2528"}],"version-history":[{"count":9,"href":"https:\/\/www.claude-arnaud.com\/fr\/wp-json\/wp\/v2\/posts\/2528\/revisions"}],"predecessor-version":[{"id":12945,"href":"https:\/\/www.claude-arnaud.com\/fr\/wp-json\/wp\/v2\/posts\/2528\/revisions\/12945"}],"wp:attachment":[{"href":"https:\/\/www.claude-arnaud.com\/fr\/wp-json\/wp\/v2\/media?parent=2528"}],"wp:term":[{"taxonomy":"category","embeddable":true,"href":"https:\/\/www.claude-arnaud.com\/fr\/wp-json\/wp\/v2\/categories?post=2528"},{"taxonomy":"post_tag","embeddable":true,"href":"https:\/\/www.claude-arnaud.com\/fr\/wp-json\/wp\/v2\/tags?post=2528"}],"curies":[{"name":"wp","href":"https:\/\/api.w.org\/{rel}","templated":true}]}}