{"id":2457,"date":"2011-09-15T15:08:14","date_gmt":"2011-09-15T15:08:14","guid":{"rendered":"http:\/\/www.claude-arnaud.com\/fr\/?p=2457"},"modified":"2021-03-04T17:32:11","modified_gmt":"2021-03-04T16:32:11","slug":"hommage-a-helene-rochas","status":"publish","type":"post","link":"https:\/\/www.claude-arnaud.com\/fr\/archives\/2457","title":{"rendered":"EN HOMMAGE A HELENE ROCHAS&#8230;"},"content":{"rendered":"<p><a href=\"http:\/\/www.claude-arnaud.com\/fr\/wp-content\/uploads\/2011\/10\/Detail.jpg\"><img loading=\"lazy\" decoding=\"async\" class=\"alignleft size-thumbnail wp-image-2458\" title=\"Detail\" src=\"http:\/\/www.claude-arnaud.com\/fr\/wp-content\/uploads\/2011\/10\/Detail-150x150.jpg\" alt=\"\" width=\"150\" height=\"150\" srcset=\"https:\/\/www.claude-arnaud.com\/fr\/wp-content\/uploads\/2011\/10\/Detail-150x150.jpg 150w, https:\/\/www.claude-arnaud.com\/fr\/wp-content\/uploads\/2011\/10\/Detail-90x90.jpg 90w\" sizes=\"auto, (max-width: 150px) 100vw, 150px\" \/><\/a>Dans le num\u00e9ro <strong>921<\/strong> de <span style=\"color: #008000;\"><strong>VOGUE<\/strong><\/span>, dat\u00e9 d&rsquo;<strong>octobre 2011<\/strong>, <span style=\"color: #008000;\"><strong>CLAUDE ARNAUD<\/strong><\/span> a publi\u00e9 un hommage \u00e0 <strong>HELENE ROCHAS<\/strong>, d\u00e9c\u00e9d\u00e9e cet \u00e9t\u00e9&#8230;.<\/p>\n<p><a title=\"Vogue\" href=\"https:\/\/fr.shopping.rakuten.com\/mfp\/5276320\/magazine-vogue-paris-2011?pid=473939311\" target=\"_blank\" rel=\"noopener\">Pour trouver ce magazine&#8230;<img loading=\"lazy\" decoding=\"async\" class=\"alignright size-thumbnail wp-image-2459\" title=\"a-parisiense-helene-rochas-em-foto-de-1986-1313162017290_200x285\" src=\"http:\/\/www.claude-arnaud.com\/fr\/wp-content\/uploads\/2011\/10\/a-parisiense-helene-rochas-em-foto-de-1986-1313162017290_200x285-150x150.jpg\" alt=\"\" width=\"150\" height=\"150\" srcset=\"https:\/\/www.claude-arnaud.com\/fr\/wp-content\/uploads\/2011\/10\/a-parisiense-helene-rochas-em-foto-de-1986-1313162017290_200x285-150x150.jpg 150w, https:\/\/www.claude-arnaud.com\/fr\/wp-content\/uploads\/2011\/10\/a-parisiense-helene-rochas-em-foto-de-1986-1313162017290_200x285-64x64.jpg 64w\" sizes=\"auto, (max-width: 150px) 100vw, 150px\" \/><\/a><\/p>\n<p>Pour lire cet article, <a href=\"http:\/\/www.claude-arnaud.com\/fr\/wp-content\/uploads\/2011\/09\/He\u0301le\u0300ne-Rochas-page-1.pdf\">page 1<\/a>, <a href=\"http:\/\/www.claude-arnaud.com\/fr\/wp-content\/uploads\/2011\/09\/He\u0301le\u0300ne-Rochas-page-2.pdf\">page 2<\/a><\/p>\n<p>Dans LE POINT du 25 septembre 2012, il revient sur celle qui accueillit, cinq d\u00e9cennies durant, \u00e9crivains, gens de la mode et du th\u00e9\u00e2tre&#8230;<\/p>\n<p><a title=\"Le point \/ Rochas\" href=\"http:\/\/www.lepoint.fr\/arts\/video-le-jardin-secret-d-helene-rochas-25-09-2012-1510002_36.php\" target=\"_blank\" rel=\"noopener\">Pour lire cet article&#8230;<\/a><\/p>\n<p>et dans sa <a href=\"http:\/\/www.claude-arnaud.com\/fr\/wp-content\/uploads\/2011\/09\/Rochas.pdf\">version papier<\/a><\/p>\n","protected":false},"excerpt":{"rendered":"<p>Dans le num\u00e9ro 921 de VOGUE, dat\u00e9 d&rsquo;octobre 2011, CLAUDE ARNAUD a publi\u00e9 un hommage \u00e0 HELENE ROCHAS, d\u00e9c\u00e9d\u00e9e cet \u00e9t\u00e9&#8230;. Pour trouver ce magazine&#8230; Pour lire cet article, page 1, page 2 Dans LE POINT du 25 septembre 2012, il revient sur celle qui accueillit, cinq d\u00e9cennies durant, \u00e9crivains, gens de la mode et [&hellip;]<\/p>\n","protected":false},"author":2,"featured_media":0,"comment_status":"open","ping_status":"open","sticky":false,"template":"","format":"standard","meta":{"footnotes":""},"categories":[7],"tags":[],"class_list":["post-2457","post","type-post","status-publish","format-standard","hentry","category-affinites","count-0","even alt","author-claude-arnaud","last"],"post_mailing_queue_ids":[],"_links":{"self":[{"href":"https:\/\/www.claude-arnaud.com\/fr\/wp-json\/wp\/v2\/posts\/2457","targetHints":{"allow":["GET"]}}],"collection":[{"href":"https:\/\/www.claude-arnaud.com\/fr\/wp-json\/wp\/v2\/posts"}],"about":[{"href":"https:\/\/www.claude-arnaud.com\/fr\/wp-json\/wp\/v2\/types\/post"}],"author":[{"embeddable":true,"href":"https:\/\/www.claude-arnaud.com\/fr\/wp-json\/wp\/v2\/users\/2"}],"replies":[{"embeddable":true,"href":"https:\/\/www.claude-arnaud.com\/fr\/wp-json\/wp\/v2\/comments?post=2457"}],"version-history":[{"count":10,"href":"https:\/\/www.claude-arnaud.com\/fr\/wp-json\/wp\/v2\/posts\/2457\/revisions"}],"predecessor-version":[{"id":12951,"href":"https:\/\/www.claude-arnaud.com\/fr\/wp-json\/wp\/v2\/posts\/2457\/revisions\/12951"}],"wp:attachment":[{"href":"https:\/\/www.claude-arnaud.com\/fr\/wp-json\/wp\/v2\/media?parent=2457"}],"wp:term":[{"taxonomy":"category","embeddable":true,"href":"https:\/\/www.claude-arnaud.com\/fr\/wp-json\/wp\/v2\/categories?post=2457"},{"taxonomy":"post_tag","embeddable":true,"href":"https:\/\/www.claude-arnaud.com\/fr\/wp-json\/wp\/v2\/tags?post=2457"}],"curies":[{"name":"wp","href":"https:\/\/api.w.org\/{rel}","templated":true}]}}