{"id":2442,"date":"2011-09-25T08:23:49","date_gmt":"2011-09-25T08:23:49","guid":{"rendered":"http:\/\/www.claude-arnaud.com\/fr\/?p=2442"},"modified":"2011-10-15T22:09:43","modified_gmt":"2011-10-15T22:09:43","slug":"a-la-26%c2%b0-foire-du-livre-de-st-eteinne","status":"publish","type":"post","link":"https:\/\/www.claude-arnaud.com\/fr\/archives\/2442","title":{"rendered":"A LA 26\u00b0 F\u00caTE DU LIVRE DE ST-ETIENNE&#8230;"},"content":{"rendered":"<p><span style=\"color: #008000;\"><strong><a href=\"http:\/\/www.claude-arnaud.com\/fr\/wp-content\/uploads\/2011\/09\/Affiche_fete_du_livre_2011.jpg\"><img loading=\"lazy\" decoding=\"async\" class=\"alignleft size-thumbnail wp-image-2443\" title=\"Affiche_fete_du_livre_2011\" src=\"http:\/\/www.claude-arnaud.com\/fr\/wp-content\/uploads\/2011\/09\/Affiche_fete_du_livre_2011-150x150.jpg\" alt=\"\" width=\"150\" height=\"150\" srcset=\"https:\/\/www.claude-arnaud.com\/fr\/wp-content\/uploads\/2011\/09\/Affiche_fete_du_livre_2011-150x150.jpg 150w, https:\/\/www.claude-arnaud.com\/fr\/wp-content\/uploads\/2011\/09\/Affiche_fete_du_livre_2011-90x90.jpg 90w\" sizes=\"auto, (max-width: 150px) 100vw, 150px\" \/><\/a>CLAUDE ARNAUD<\/strong><\/span> \u00e9tait, le <strong>samedi 15 octobre 2011<\/strong> \u00e0 la 26\u00b0 f\u00eate du livre de <strong>SAINT-ETIENNE<\/strong>, l&rsquo;invit\u00e9 d&rsquo;un d\u00e9bat<strong><em><\/em><em> ayant pour th\u00e8me: \u00ab\u00a0L&rsquo;invention de soi\u00a0\u00bb<\/em><\/strong> autour de son dernier livre, <span style=\"color: #008000;\"><strong>QU&rsquo;AS-TU FAIT DE TES FRERES?<\/strong><\/span> (\u00e9ditions Grasset). L&rsquo;identit\u00e9 et ses variations (sexuelle, sociale), la restitution par le romanesque de\u00a0 la profusion des possibles de l&rsquo;\u00e9poque (ann\u00e9es 70), la litt\u00e9rature comme monde de rechange pour \u00e9chapper \u00e0 l&rsquo;ennui, tels ont \u00e9t\u00e9 les th\u00e8mes d&rsquo;une rencontre anim\u00e9e par C<strong>hristine JERUSALEM<\/strong>, enseignante en litt\u00e9rature contemporaine \u00e0 Lyon, \u00e0 la<em> M\u00e9diath\u00e8que de Tarentaize<\/em>, 20\/24 rue Jo Gouttebarge, 42001 Saint-Etienne<\/p>\n<p>&nbsp;<\/p>\n","protected":false},"excerpt":{"rendered":"<p>CLAUDE ARNAUD \u00e9tait, le samedi 15 octobre 2011 \u00e0 la 26\u00b0 f\u00eate du livre de SAINT-ETIENNE, l&rsquo;invit\u00e9 d&rsquo;un d\u00e9bat ayant pour th\u00e8me: \u00ab\u00a0L&rsquo;invention de soi\u00a0\u00bb autour de son dernier livre, QU&rsquo;AS-TU FAIT DE TES FRERES? (\u00e9ditions Grasset). L&rsquo;identit\u00e9 et ses variations (sexuelle, sociale), la restitution par le romanesque de\u00a0 la profusion des possibles de l&rsquo;\u00e9poque [&hellip;]<\/p>\n","protected":false},"author":2,"featured_media":0,"comment_status":"open","ping_status":"open","sticky":false,"template":"","format":"standard","meta":{"footnotes":""},"categories":[5],"tags":[],"class_list":["post-2442","post","type-post","status-publish","format-standard","hentry","category-rencontres","count-0","even alt","author-claude-arnaud","last"],"post_mailing_queue_ids":[],"_links":{"self":[{"href":"https:\/\/www.claude-arnaud.com\/fr\/wp-json\/wp\/v2\/posts\/2442","targetHints":{"allow":["GET"]}}],"collection":[{"href":"https:\/\/www.claude-arnaud.com\/fr\/wp-json\/wp\/v2\/posts"}],"about":[{"href":"https:\/\/www.claude-arnaud.com\/fr\/wp-json\/wp\/v2\/types\/post"}],"author":[{"embeddable":true,"href":"https:\/\/www.claude-arnaud.com\/fr\/wp-json\/wp\/v2\/users\/2"}],"replies":[{"embeddable":true,"href":"https:\/\/www.claude-arnaud.com\/fr\/wp-json\/wp\/v2\/comments?post=2442"}],"version-history":[{"count":8,"href":"https:\/\/www.claude-arnaud.com\/fr\/wp-json\/wp\/v2\/posts\/2442\/revisions"}],"predecessor-version":[{"id":2445,"href":"https:\/\/www.claude-arnaud.com\/fr\/wp-json\/wp\/v2\/posts\/2442\/revisions\/2445"}],"wp:attachment":[{"href":"https:\/\/www.claude-arnaud.com\/fr\/wp-json\/wp\/v2\/media?parent=2442"}],"wp:term":[{"taxonomy":"category","embeddable":true,"href":"https:\/\/www.claude-arnaud.com\/fr\/wp-json\/wp\/v2\/categories?post=2442"},{"taxonomy":"post_tag","embeddable":true,"href":"https:\/\/www.claude-arnaud.com\/fr\/wp-json\/wp\/v2\/tags?post=2442"}],"curies":[{"name":"wp","href":"https:\/\/api.w.org\/{rel}","templated":true}]}}