{"id":2393,"date":"2011-09-16T17:19:06","date_gmt":"2011-09-16T17:19:06","guid":{"rendered":"http:\/\/www.claude-arnaud.com\/fr\/?p=2393"},"modified":"2023-05-14T10:16:44","modified_gmt":"2023-05-14T09:16:44","slug":"hommage-a-philippe-arnaud","status":"publish","type":"post","link":"https:\/\/www.claude-arnaud.com\/fr\/archives\/2393","title":{"rendered":"EN SOUVENIR DE PHILIPPE ARNAUD&#8230;"},"content":{"rendered":"<p><a href=\"http:\/\/www.claude-arnaud.com\/fr\/wp-content\/uploads\/2011\/09\/516.jpg\"><img loading=\"lazy\" decoding=\"async\" class=\"alignleft size-thumbnail wp-image-2394\" title=\"516\" src=\"http:\/\/www.claude-arnaud.com\/fr\/wp-content\/uploads\/2011\/09\/516-150x150.jpg\" alt=\"\" width=\"150\" height=\"150\" srcset=\"https:\/\/www.claude-arnaud.com\/fr\/wp-content\/uploads\/2011\/09\/516-150x150.jpg 150w, https:\/\/www.claude-arnaud.com\/fr\/wp-content\/uploads\/2011\/09\/516-90x90.jpg 90w\" sizes=\"auto, (max-width: 150px) 100vw, 150px\" \/><\/a>Pour le 15\u00b0 anniversaire de sa disparition au large des c\u00f4tes corses, la <strong>CINEMATHEQUE FRAN\u00e7AISE<\/strong> a rendu le <strong>Vendredi 7 Octobre 2011<\/strong> hommage \u00e0 <span style=\"color: #008000;\"><strong>PHILIPPE ARNAUD<\/strong><\/span>. <strong><span style=\"color: #333300;\">Serge TUBIANA<\/span><\/strong>, <strong><span style=\"color: #008000;\">Dominique PAINI<\/span><\/strong> et\u00a0 <strong>Claude ARNAUD,<\/strong> son fr\u00e8re, ont \u00e9voqu\u00e9 l&rsquo;\u00e9crivain de cin\u00e9ma (<a title=\"amazone\" href=\"http:\/\/www.amazon.fr\/Robert-Bresson-Philippe-Arnaud\/dp\/2866423526\" target=\"_blank\" rel=\"noopener\"><em>Robert Bresson<\/em>, \u00e9d des Cahiers du Cin\u00e9ma<\/a>, <a href=\"https:\/\/www.yellownow.be\/post\/____i-10\" target=\"_blank\" rel=\"noopener\"><em>Les paupi\u00e8res du visible, <\/em><\/a>ed Yellow now<em>, <a href=\"https:\/\/www.yellownow.be\/post\/____1-11\" target=\"_blank\" rel=\"noopener\">Son aile indubitable en moi&#8230;<\/a><\/em> \u00e9d. Yellow now), le sc\u00e9nariste et l&rsquo;enseignant, tandis qu&rsquo;<span style=\"color: #008000;\"><strong>Alain BERGALA<\/strong><\/span> parlait du sc\u00e9nariste avant la projection de <strong>l&rsquo;Affaire Cic\u00e9ron<\/strong> de <strong><span style=\"color: #008000;\">MANKIEWICZ<\/span><\/strong>, un de ses films f\u00e9tiche (<strong>20h30 &#8211; SALLE GEORGES FRANJU<\/strong>).<\/p>\n<p>\u00ab\u00a0<strong>Les films d&rsquo;espionnage sont propices \u00e0 l&rsquo;exploration, fut-ce innocemment, d&rsquo;une multiplicit\u00e9 identitaire, biographies fictives, faux emplois, jusqu&rsquo;aux puissances ubiquitaires. L&rsquo;Affaire Cic\u00e9ron porte cette virtualit\u00e9 \u00e0 un degr\u00e9 conscient qui fait de son canevas, proche au fond d&rsquo;un marivaudage politique, inspir\u00e9 par une action r\u00e9elle, une extraordinaire d\u00e9clinaison de trahisons, double-jeux, manipulations et une quintessence de ce calcul social qui consiste pour agir, \u00e0 anticiper non seulement l&rsquo;action probable d&rsquo;autrui, mais aussi \u00e0 pr\u00e9voir r\u00e9ciproquement ce qu&rsquo;un autre peut penser qu&rsquo;on va faire, spirale logique d&rsquo;un grand jeu intersubjectif.<\/strong>\u00a0\u00bb (<span style=\"color: #008000;\"><strong><em>L&rsquo;Affaire Cic\u00e9ron<\/em> vu par Philippe Arnaud<\/strong><\/span>)<\/p>\n<p><strong><span style=\"color: #008000;\">POUR LIRE LE BEL HOMMAGE<\/span> <\/strong>QUE RENDIRENT <span style=\"color: #333300;\"><strong>PHILIPPE MANNONI,<\/strong><\/span> de la CINEMATHEQUE FRANCAISE et <strong>THIERRY LEFEBVRE<\/strong>, en 1996, DANS <a href=\"https:\/\/www.persee.fr\/doc\/1895_0769-0959_1996_num_21_1_1201\" target=\"_blank\" rel=\"noopener\">LA REVUE D&rsquo;HISTOIRE DU CINEMA \u00ab\u00a01895\u00a0\u00bb<\/a> A LA MORT DE <span style=\"color: #008000;\">PHILIPPE ARNAUD<\/span>&#8230;<\/p>\n<p>Sur le blog Facebook de la <span style=\"color: #008000;\"><strong>Cin\u00e9math\u00e8que<\/strong><\/span> :<\/p>\n<ul>\n<li>\n<div>\n<div data-ft=\"{&quot;type&quot;:33}\"><a href=\"http:\/\/fr-fr.facebook.com\/xanae.bove\" data-ft=\"{&quot;type&quot;:35}\">Bove Xana\u00e9<\/a> Philippe Arnaud \u00e9tait un homme exceptionnel. J&rsquo;ai eu la chance de l&rsquo;avoir comme professeur de sc\u00e9nario a Paris <a href=\"http:\/\/fr-fr.facebook.com\/djnickv\" data-hovercard=\"\/ajax\/hovercard\/user.php?id=726192622\">V<\/a>III. Les premiers cours, il faisait tout pour d\u00e9courager les \u00e9l\u00e8ves (il n&rsquo;aimait pas la foule) en arpentant de long en large la salle et en se grattant l&rsquo;oreille fr\u00e9n\u00e9tiquement! Je suis rest\u00e9e et ai pu profiter de sa terrible intelligence. Merci de lui rendre hommage.<\/p>\n<div><abbr title=\"vendredi 7 octobre 2011, 02:47\" data-date=\"Fri, 07 Oct 2011 02:47:28 -0700\">vendredi, \u00e0 02:47<\/abbr> \u00b7 <img decoding=\"async\" src=\"http:\/\/static.ak.fbcdn.net\/rsrc.php\/v1\/yw\/r\/drP8vlvSl_8.gif\" alt=\"\" \/> <a href=\"http:\/\/fr-fr.facebook.com\/browse\/likes\/?id=150889098340093\" rel=\"dialog\">3 personnes<\/a><\/div>\n<\/div>\n<\/div>\n<\/li>\n<li>\n<div>\n<div data-ft=\"{&quot;type&quot;:33}\"><a href=\"http:\/\/fr-fr.facebook.com\/profile.php?id=611936971\" data-ft=\"{&quot;type&quot;:35}\">Stephanie Girerd<\/a>Un professeur passionnant en effet&#8230;<\/p>\n<div><abbr title=\"vendredi 7 octobre 2011, 03:31\" data-date=\"Fri, 07 Oct 2011 03:31:42 -0700\">vendredi, \u00e0 03:31<\/abbr><\/div>\n<\/div>\n<\/div>\n<\/li>\n<li>\n<div>\n<div data-ft=\"{&quot;type&quot;:33}\"><a href=\"http:\/\/fr-fr.facebook.com\/xanae.bove\" data-ft=\"{&quot;type&quot;:35}\">Bove Xana\u00e9<\/a> Oui, c&rsquo;\u00e9tait merveilleux les cours avec lui. Atypique et riche.<\/div>\n<\/div>\n<\/li>\n<\/ul>\n<p>(photo : <strong>G\u00e9rard Courant<\/strong>)<\/p>\n","protected":false},"excerpt":{"rendered":"<p>Pour le 15\u00b0 anniversaire de sa disparition au large des c\u00f4tes corses, la CINEMATHEQUE FRAN\u00e7AISE a rendu le Vendredi 7 Octobre 2011 hommage \u00e0 PHILIPPE ARNAUD. Serge TUBIANA, Dominique PAINI et\u00a0 Claude ARNAUD, son fr\u00e8re, ont \u00e9voqu\u00e9 l&rsquo;\u00e9crivain de cin\u00e9ma (Robert Bresson, \u00e9d des Cahiers du Cin\u00e9ma, Les paupi\u00e8res du visible, ed Yellow now, Son [&hellip;]<\/p>\n","protected":false},"author":2,"featured_media":0,"comment_status":"open","ping_status":"open","sticky":false,"template":"","format":"standard","meta":{"footnotes":""},"categories":[7],"tags":[],"class_list":["post-2393","post","type-post","status-publish","format-standard","hentry","category-affinites","count-0","even alt","author-claude-arnaud","last"],"post_mailing_queue_ids":[],"_links":{"self":[{"href":"https:\/\/www.claude-arnaud.com\/fr\/wp-json\/wp\/v2\/posts\/2393","targetHints":{"allow":["GET"]}}],"collection":[{"href":"https:\/\/www.claude-arnaud.com\/fr\/wp-json\/wp\/v2\/posts"}],"about":[{"href":"https:\/\/www.claude-arnaud.com\/fr\/wp-json\/wp\/v2\/types\/post"}],"author":[{"embeddable":true,"href":"https:\/\/www.claude-arnaud.com\/fr\/wp-json\/wp\/v2\/users\/2"}],"replies":[{"embeddable":true,"href":"https:\/\/www.claude-arnaud.com\/fr\/wp-json\/wp\/v2\/comments?post=2393"}],"version-history":[{"count":25,"href":"https:\/\/www.claude-arnaud.com\/fr\/wp-json\/wp\/v2\/posts\/2393\/revisions"}],"predecessor-version":[{"id":15463,"href":"https:\/\/www.claude-arnaud.com\/fr\/wp-json\/wp\/v2\/posts\/2393\/revisions\/15463"}],"wp:attachment":[{"href":"https:\/\/www.claude-arnaud.com\/fr\/wp-json\/wp\/v2\/media?parent=2393"}],"wp:term":[{"taxonomy":"category","embeddable":true,"href":"https:\/\/www.claude-arnaud.com\/fr\/wp-json\/wp\/v2\/categories?post=2393"},{"taxonomy":"post_tag","embeddable":true,"href":"https:\/\/www.claude-arnaud.com\/fr\/wp-json\/wp\/v2\/tags?post=2393"}],"curies":[{"name":"wp","href":"https:\/\/api.w.org\/{rel}","templated":true}]}}