{"id":17128,"date":"2026-03-15T12:17:25","date_gmt":"2026-03-15T11:17:25","guid":{"rendered":"https:\/\/www.claude-arnaud.com\/fr\/?p=17128"},"modified":"2026-04-05T12:08:47","modified_gmt":"2026-04-05T11:08:47","slug":"cap-au-pire","status":"publish","type":"post","link":"https:\/\/www.claude-arnaud.com\/fr\/archives\/17128","title":{"rendered":"Cap au pire&#8230;"},"content":{"rendered":"<p><strong><a href=\"https:\/\/www.claude-arnaud.com\/fr\/wp-content\/uploads\/2026\/03\/reuters_69a7f12f-1772613935.webp\"><img loading=\"lazy\" decoding=\"async\" class=\"alignleft size-medium wp-image-17130\" src=\"https:\/\/www.claude-arnaud.com\/fr\/wp-content\/uploads\/2026\/03\/reuters_69a7f12f-1772613935-300x200.webp\" alt=\"\" width=\"300\" height=\"200\" srcset=\"https:\/\/www.claude-arnaud.com\/fr\/wp-content\/uploads\/2026\/03\/reuters_69a7f12f-1772613935-300x200.webp 300w, https:\/\/www.claude-arnaud.com\/fr\/wp-content\/uploads\/2026\/03\/reuters_69a7f12f-1772613935-768x512.webp 768w, https:\/\/www.claude-arnaud.com\/fr\/wp-content\/uploads\/2026\/03\/reuters_69a7f12f-1772613935.webp 770w\" sizes=\"auto, (max-width: 300px) 100vw, 300px\" \/><\/a>Plus les jours passent, <span style=\"color: #008000;\">plus l&rsquo;offensive isra\u00e9lo-am\u00e9ricaine<\/span> cens\u00e9 mettre \u00e0 genou l&rsquo;Iran des Ayatollahs <span style=\"color: #008000;\">s&rsquo;av\u00e8re non seulement une transgression brutale<\/span> du droit international, tout comme une agression non justifi\u00e9e, <span style=\"color: #008000;\">au del\u00e0 du caract\u00e8re odieux d&rsquo;un r\u00e9gime qui assassine une partie de son peuple, <span style=\"color: #000000;\">de l&rsquo;ind\u00e9niable risque nucl\u00e9aire<\/span> que fait peser l&rsquo;Iran et <span style=\"color: #000000;\">ses menaces r\u00e9currentes<\/span> d&rsquo;en finir physiquement avec Isra\u00ebl<\/span>, mais une entreprise \u00e0 <span style=\"color: #008000;\">tr\u00e8s haut<\/span> risque mena\u00e7ant tout<\/strong><strong>e la r\u00e9gion. <span style=\"color: #008000;\">La capture \u00e9clair de MADURO<\/span> au Venezuela, et la mort d\u00e8s le premier jour de l<span style=\"color: #008000;\">&lsquo;Ayatollah KHAMENE\u00cf<\/span> <a href=\"https:\/\/www.claude-arnaud.com\/fr\/wp-content\/uploads\/2026\/03\/01801123907103-web-tete.webp\"><img loading=\"lazy\" decoding=\"async\" class=\"alignright size-medium wp-image-17131\" src=\"https:\/\/www.claude-arnaud.com\/fr\/wp-content\/uploads\/2026\/03\/01801123907103-web-tete-300x169.webp\" alt=\"\" width=\"300\" height=\"169\" srcset=\"https:\/\/www.claude-arnaud.com\/fr\/wp-content\/uploads\/2026\/03\/01801123907103-web-tete-300x169.webp 300w, https:\/\/www.claude-arnaud.com\/fr\/wp-content\/uploads\/2026\/03\/01801123907103-web-tete-768x432.webp 768w, https:\/\/www.claude-arnaud.com\/fr\/wp-content\/uploads\/2026\/03\/01801123907103-web-tete.webp 1024w\" sizes=\"auto, (max-width: 300px) 100vw, 300px\" \/><\/a>sous les bombes a encourag\u00e9 l&rsquo;hybris maladive du <span style=\"color: #008000;\">NERON am\u00e9ricain<\/span>. Est-il en train de tomber dans le pi\u00e8ge o\u00f9 s&rsquo;est enlis\u00e9 <span style=\"color: #008000;\">POUTINE<\/span> qui, apr\u00e8s sa victoire foudroyante en CRIMEE, <span style=\"color: #008000;\">grande comme trois fois la CORSE et<\/span> reprise en une seule journ\u00e9e, s&rsquo;est senti \u00e0 la fois invincible <span style=\"color: #008000;\">et s&rsquo;est lanc\u00e9 \u00e0 l&rsquo;assaut de l&rsquo;UKRAINE,<\/span> o\u00f9 elle patine depuis plus de quatre ans? <span style=\"color: #008000;\">La guerre est une chose trop s\u00e9rieuse pour \u00eatre laiss\u00e9e <span style=\"color: #000000;\">\u00e0 l&rsquo;initiative<\/span> d&rsquo;un tel psychopathe.<\/span><\/strong><\/p>\n","protected":false},"excerpt":{"rendered":"<p>Plus les jours passent, plus l&rsquo;offensive isra\u00e9lo-am\u00e9ricaine cens\u00e9 mettre \u00e0 genou l&rsquo;Iran des Ayatollahs s&rsquo;av\u00e8re non seulement une transgression brutale du droit international, tout comme une agression non justifi\u00e9e, au del\u00e0 du caract\u00e8re odieux d&rsquo;un r\u00e9gime qui assassine une partie de son peuple, de l&rsquo;ind\u00e9niable risque nucl\u00e9aire que fait peser l&rsquo;Iran et ses menaces r\u00e9currentes [&hellip;]<\/p>\n","protected":false},"author":2,"featured_media":0,"comment_status":"open","ping_status":"","sticky":false,"template":"","format":"standard","meta":{"footnotes":""},"categories":[8],"tags":[],"class_list":["post-17128","post","type-post","status-publish","format-standard","hentry","category-allergies","count-0","even alt","author-claude-arnaud","last"],"post_mailing_queue_ids":[],"_links":{"self":[{"href":"https:\/\/www.claude-arnaud.com\/fr\/wp-json\/wp\/v2\/posts\/17128","targetHints":{"allow":["GET"]}}],"collection":[{"href":"https:\/\/www.claude-arnaud.com\/fr\/wp-json\/wp\/v2\/posts"}],"about":[{"href":"https:\/\/www.claude-arnaud.com\/fr\/wp-json\/wp\/v2\/types\/post"}],"author":[{"embeddable":true,"href":"https:\/\/www.claude-arnaud.com\/fr\/wp-json\/wp\/v2\/users\/2"}],"replies":[{"embeddable":true,"href":"https:\/\/www.claude-arnaud.com\/fr\/wp-json\/wp\/v2\/comments?post=17128"}],"version-history":[{"count":8,"href":"https:\/\/www.claude-arnaud.com\/fr\/wp-json\/wp\/v2\/posts\/17128\/revisions"}],"predecessor-version":[{"id":17168,"href":"https:\/\/www.claude-arnaud.com\/fr\/wp-json\/wp\/v2\/posts\/17128\/revisions\/17168"}],"wp:attachment":[{"href":"https:\/\/www.claude-arnaud.com\/fr\/wp-json\/wp\/v2\/media?parent=17128"}],"wp:term":[{"taxonomy":"category","embeddable":true,"href":"https:\/\/www.claude-arnaud.com\/fr\/wp-json\/wp\/v2\/categories?post=17128"},{"taxonomy":"post_tag","embeddable":true,"href":"https:\/\/www.claude-arnaud.com\/fr\/wp-json\/wp\/v2\/tags?post=17128"}],"curies":[{"name":"wp","href":"https:\/\/api.w.org\/{rel}","templated":true}]}}