{"id":17112,"date":"2026-03-14T22:40:26","date_gmt":"2026-03-14T21:40:26","guid":{"rendered":"https:\/\/www.claude-arnaud.com\/fr\/?p=17112"},"modified":"2026-03-14T22:41:03","modified_gmt":"2026-03-14T21:41:03","slug":"zweig-dans-la-peau-des-autres","status":"publish","type":"post","link":"https:\/\/www.claude-arnaud.com\/fr\/archives\/17112","title":{"rendered":"ZWEIG alt\u00e9r\u00e9&#8230;"},"content":{"rendered":"<p><a href=\"https:\/\/www.claude-arnaud.com\/fr\/wp-content\/uploads\/2026\/03\/Vies-d-ecrivains.jpg\"><img loading=\"lazy\" decoding=\"async\" class=\"alignright size-medium wp-image-17114\" src=\"https:\/\/www.claude-arnaud.com\/fr\/wp-content\/uploads\/2026\/03\/Vies-d-ecrivains-300x300.jpg\" alt=\"\" width=\"300\" height=\"300\" srcset=\"https:\/\/www.claude-arnaud.com\/fr\/wp-content\/uploads\/2026\/03\/Vies-d-ecrivains-300x300.jpg 300w, https:\/\/www.claude-arnaud.com\/fr\/wp-content\/uploads\/2026\/03\/Vies-d-ecrivains-150x150.jpg 150w, https:\/\/www.claude-arnaud.com\/fr\/wp-content\/uploads\/2026\/03\/Vies-d-ecrivains.jpg 340w\" sizes=\"auto, (max-width: 300px) 100vw, 300px\" \/><\/a><a href=\"https:\/\/www.claude-arnaud.com\/fr\/wp-content\/uploads\/2026\/03\/M5ZM4WNWYVP5PFJ3AKRNZONDTQ.png\"><img loading=\"lazy\" decoding=\"async\" class=\"alignleft size-medium wp-image-17113\" src=\"https:\/\/www.claude-arnaud.com\/fr\/wp-content\/uploads\/2026\/03\/M5ZM4WNWYVP5PFJ3AKRNZONDTQ-300x225.png\" alt=\"\" width=\"300\" height=\"225\" srcset=\"https:\/\/www.claude-arnaud.com\/fr\/wp-content\/uploads\/2026\/03\/M5ZM4WNWYVP5PFJ3AKRNZONDTQ-300x225.png 300w, https:\/\/www.claude-arnaud.com\/fr\/wp-content\/uploads\/2026\/03\/M5ZM4WNWYVP5PFJ3AKRNZONDTQ-1024x770.png 1024w, https:\/\/www.claude-arnaud.com\/fr\/wp-content\/uploads\/2026\/03\/M5ZM4WNWYVP5PFJ3AKRNZONDTQ-768x577.png 768w, https:\/\/www.claude-arnaud.com\/fr\/wp-content\/uploads\/2026\/03\/M5ZM4WNWYVP5PFJ3AKRNZONDTQ.png 1530w\" sizes=\"auto, (max-width: 300px) 100vw, 300px\" \/><\/a><strong>Dans son num\u00e9ro 2798, en date du 12 mars 2026, <span style=\"color: #008000;\">LE POINT <\/span>publie un article de <span style=\"color: #008000;\">Claude ARNAUD<\/span> intitul\u00e9 \u00ab\u00a0Dans la peau des autres\u00a0\u00bb consacr\u00e9 \u00e0 la publication, <span style=\"color: #008000;\">dans la collection \u00ab\u00a0Bouquins\u00a0\u00bb,<\/span> de \u00ab\u00a0Vies d&rsquo;\u00e9crivains\u00a0\u00bb, <span style=\"color: #008000;\">une s\u00e9lection des meilleurs <span style=\"color: #000000;\">portraits litt\u00e9raires<\/span> de Stefan ZWEIG<\/span> pr\u00e9fac\u00e9e par Pierre DUCROZET. Pour lire <a href=\"https:\/\/www.claude-arnaud.com\/fr\/wp-content\/uploads\/2026\/03\/IMG_2893-scaled.jpeg\"><img loading=\"lazy\" decoding=\"async\" class=\"alignright size-medium wp-image-17124\" src=\"https:\/\/www.claude-arnaud.com\/fr\/wp-content\/uploads\/2026\/03\/IMG_2893-218x300.jpeg\" alt=\"\" width=\"218\" height=\"300\" srcset=\"https:\/\/www.claude-arnaud.com\/fr\/wp-content\/uploads\/2026\/03\/IMG_2893-218x300.jpeg 218w, https:\/\/www.claude-arnaud.com\/fr\/wp-content\/uploads\/2026\/03\/IMG_2893-743x1024.jpeg 743w, https:\/\/www.claude-arnaud.com\/fr\/wp-content\/uploads\/2026\/03\/IMG_2893-768x1058.jpeg 768w, https:\/\/www.claude-arnaud.com\/fr\/wp-content\/uploads\/2026\/03\/IMG_2893-1115x1536.jpeg 1115w, https:\/\/www.claude-arnaud.com\/fr\/wp-content\/uploads\/2026\/03\/IMG_2893-1486x2048.jpeg 1486w, https:\/\/www.claude-arnaud.com\/fr\/wp-content\/uploads\/2026\/03\/IMG_2893-scaled.jpeg 1858w\" sizes=\"auto, (max-width: 218px) 100vw, 218px\" \/><\/a> <a href=\"https:\/\/www.claude-arnaud.com\/fr\/wp-content\/uploads\/2026\/03\/Zweig.pdf\">cet article<\/a>&#8230;<\/strong><\/p>\n","protected":false},"excerpt":{"rendered":"<p>Dans son num\u00e9ro 2798, en date du 12 mars 2026, LE POINT publie un article de Claude ARNAUD intitul\u00e9 \u00ab\u00a0Dans la peau des autres\u00a0\u00bb consacr\u00e9 \u00e0 la publication, dans la collection \u00ab\u00a0Bouquins\u00a0\u00bb, de \u00ab\u00a0Vies d&rsquo;\u00e9crivains\u00a0\u00bb, une s\u00e9lection des meilleurs portraits litt\u00e9raires de Stefan ZWEIG pr\u00e9fac\u00e9e par Pierre DUCROZET. Pour lire cet article&#8230;<\/p>\n","protected":false},"author":2,"featured_media":0,"comment_status":"open","ping_status":"","sticky":false,"template":"","format":"standard","meta":{"footnotes":""},"categories":[6],"tags":[],"class_list":["post-17112","post","type-post","status-publish","format-standard","hentry","category-evenements","count-0","even alt","author-claude-arnaud","last"],"post_mailing_queue_ids":[],"_links":{"self":[{"href":"https:\/\/www.claude-arnaud.com\/fr\/wp-json\/wp\/v2\/posts\/17112","targetHints":{"allow":["GET"]}}],"collection":[{"href":"https:\/\/www.claude-arnaud.com\/fr\/wp-json\/wp\/v2\/posts"}],"about":[{"href":"https:\/\/www.claude-arnaud.com\/fr\/wp-json\/wp\/v2\/types\/post"}],"author":[{"embeddable":true,"href":"https:\/\/www.claude-arnaud.com\/fr\/wp-json\/wp\/v2\/users\/2"}],"replies":[{"embeddable":true,"href":"https:\/\/www.claude-arnaud.com\/fr\/wp-json\/wp\/v2\/comments?post=17112"}],"version-history":[{"count":5,"href":"https:\/\/www.claude-arnaud.com\/fr\/wp-json\/wp\/v2\/posts\/17112\/revisions"}],"predecessor-version":[{"id":17127,"href":"https:\/\/www.claude-arnaud.com\/fr\/wp-json\/wp\/v2\/posts\/17112\/revisions\/17127"}],"wp:attachment":[{"href":"https:\/\/www.claude-arnaud.com\/fr\/wp-json\/wp\/v2\/media?parent=17112"}],"wp:term":[{"taxonomy":"category","embeddable":true,"href":"https:\/\/www.claude-arnaud.com\/fr\/wp-json\/wp\/v2\/categories?post=17112"},{"taxonomy":"post_tag","embeddable":true,"href":"https:\/\/www.claude-arnaud.com\/fr\/wp-json\/wp\/v2\/tags?post=17112"}],"curies":[{"name":"wp","href":"https:\/\/api.w.org\/{rel}","templated":true}]}}