{"id":17094,"date":"2026-01-30T11:10:03","date_gmt":"2026-01-30T10:10:03","guid":{"rendered":"https:\/\/www.claude-arnaud.com\/fr\/?p=17094"},"modified":"2026-01-30T11:10:03","modified_gmt":"2026-01-30T10:10:03","slug":"sur-lextraordinaire-collection-de-roger-caillois","status":"publish","type":"post","link":"https:\/\/www.claude-arnaud.com\/fr\/archives\/17094","title":{"rendered":"Sur l&rsquo;extraordinaire collection de Roger CAILLOIS"},"content":{"rendered":"<p><strong><a href=\"https:\/\/www.claude-arnaud.com\/fr\/wp-content\/uploads\/2025\/11\/PHOTO-2025-11-13-13-19-46.jpg\"><img loading=\"lazy\" decoding=\"async\" class=\"alignleft size-medium wp-image-16965\" src=\"https:\/\/www.claude-arnaud.com\/fr\/wp-content\/uploads\/2025\/11\/PHOTO-2025-11-13-13-19-46-225x300.jpg\" alt=\"\" width=\"225\" height=\"300\" srcset=\"https:\/\/www.claude-arnaud.com\/fr\/wp-content\/uploads\/2025\/11\/PHOTO-2025-11-13-13-19-46-225x300.jpg 225w, https:\/\/www.claude-arnaud.com\/fr\/wp-content\/uploads\/2025\/11\/PHOTO-2025-11-13-13-19-46-768x1024.jpg 768w, https:\/\/www.claude-arnaud.com\/fr\/wp-content\/uploads\/2025\/11\/PHOTO-2025-11-13-13-19-46-1152x1536.jpg 1152w, https:\/\/www.claude-arnaud.com\/fr\/wp-content\/uploads\/2025\/11\/PHOTO-2025-11-13-13-19-46.jpg 1200w\" sizes=\"auto, (max-width: 225px) 100vw, 225px\" \/><\/a>LE POINT, dans son num\u00e9ro 2792, <span style=\"color: #008000;\">en date du 29 janvier 2026,<\/span> publie un article de <span style=\"color: #008000;\">Claude ARNAUD<\/span> d\u00e9di\u00e9 \u00e0 l&rsquo;extraordinaire collection de <span style=\"color: #008000;\">min\u00e9raux que l&rsquo;\u00e9crivain Roger CAILLOIS (1913-1978)<\/span> constitua, dans un premier temps <span style=\"color: #008000;\">en Argentine, \u00e0 partir de 1952, puis enrichit sans cesse jusqu&rsquo;\u00e0 sa mort<\/span>. Abrit\u00e9e par le Mus\u00e9um d&rsquo;histoire naturelle de Paris, cet <span style=\"color: #008000;\">ensemble somptueux de pierres rares<\/span> est encore visible, jusqu&rsquo;au 29 mars,<span style=\"color: #008000;\"> \u00e0 l&rsquo;Ecole des Joailliers de Paris, 16 bis boulevard MONTMARTRE<\/span>, 75009. L&rsquo;entr\u00e9e est libre.<a href=\"https:\/\/www.claude-arnaud.com\/fr\/wp-content\/uploads\/2026\/01\/IMG_2867-scaled.jpg\"><img loading=\"lazy\" decoding=\"async\" class=\"alignright size-medium wp-image-17096\" src=\"https:\/\/www.claude-arnaud.com\/fr\/wp-content\/uploads\/2026\/01\/IMG_2867-225x300.jpg\" alt=\"\" width=\"225\" height=\"300\" srcset=\"https:\/\/www.claude-arnaud.com\/fr\/wp-content\/uploads\/2026\/01\/IMG_2867-225x300.jpg 225w, https:\/\/www.claude-arnaud.com\/fr\/wp-content\/uploads\/2026\/01\/IMG_2867-768x1024.jpg 768w, https:\/\/www.claude-arnaud.com\/fr\/wp-content\/uploads\/2026\/01\/IMG_2867-1152x1536.jpg 1152w, https:\/\/www.claude-arnaud.com\/fr\/wp-content\/uploads\/2026\/01\/IMG_2867-1536x2048.jpg 1536w, https:\/\/www.claude-arnaud.com\/fr\/wp-content\/uploads\/2026\/01\/IMG_2867-scaled.jpg 1920w\" sizes=\"auto, (max-width: 225px) 100vw, 225px\" \/><\/a> <a href=\"https:\/\/www.claude-arnaud.com\/fr\/wp-content\/uploads\/2026\/01\/IMG_2867.jpg.pdf\">Pour d\u00e9couvrir cet article&#8230;<\/a><\/strong><\/p>\n","protected":false},"excerpt":{"rendered":"<p>LE POINT, dans son num\u00e9ro 2792, en date du 29 janvier 2026, publie un article de Claude ARNAUD d\u00e9di\u00e9 \u00e0 l&rsquo;extraordinaire collection de min\u00e9raux que l&rsquo;\u00e9crivain Roger CAILLOIS (1913-1978) constitua, dans un premier temps en Argentine, \u00e0 partir de 1952, puis enrichit sans cesse jusqu&rsquo;\u00e0 sa mort. Abrit\u00e9e par le Mus\u00e9um d&rsquo;histoire naturelle de Paris, [&hellip;]<\/p>\n","protected":false},"author":2,"featured_media":0,"comment_status":"open","ping_status":"","sticky":false,"template":"","format":"standard","meta":{"footnotes":""},"categories":[6],"tags":[],"class_list":["post-17094","post","type-post","status-publish","format-standard","hentry","category-evenements","count-0","even alt","author-claude-arnaud","last"],"post_mailing_queue_ids":[],"_links":{"self":[{"href":"https:\/\/www.claude-arnaud.com\/fr\/wp-json\/wp\/v2\/posts\/17094","targetHints":{"allow":["GET"]}}],"collection":[{"href":"https:\/\/www.claude-arnaud.com\/fr\/wp-json\/wp\/v2\/posts"}],"about":[{"href":"https:\/\/www.claude-arnaud.com\/fr\/wp-json\/wp\/v2\/types\/post"}],"author":[{"embeddable":true,"href":"https:\/\/www.claude-arnaud.com\/fr\/wp-json\/wp\/v2\/users\/2"}],"replies":[{"embeddable":true,"href":"https:\/\/www.claude-arnaud.com\/fr\/wp-json\/wp\/v2\/comments?post=17094"}],"version-history":[{"count":3,"href":"https:\/\/www.claude-arnaud.com\/fr\/wp-json\/wp\/v2\/posts\/17094\/revisions"}],"predecessor-version":[{"id":17099,"href":"https:\/\/www.claude-arnaud.com\/fr\/wp-json\/wp\/v2\/posts\/17094\/revisions\/17099"}],"wp:attachment":[{"href":"https:\/\/www.claude-arnaud.com\/fr\/wp-json\/wp\/v2\/media?parent=17094"}],"wp:term":[{"taxonomy":"category","embeddable":true,"href":"https:\/\/www.claude-arnaud.com\/fr\/wp-json\/wp\/v2\/categories?post=17094"},{"taxonomy":"post_tag","embeddable":true,"href":"https:\/\/www.claude-arnaud.com\/fr\/wp-json\/wp\/v2\/tags?post=17094"}],"curies":[{"name":"wp","href":"https:\/\/api.w.org\/{rel}","templated":true}]}}