{"id":17015,"date":"2025-12-12T10:54:40","date_gmt":"2025-12-12T09:54:40","guid":{"rendered":"https:\/\/www.claude-arnaud.com\/fr\/?p=17015"},"modified":"2026-01-07T13:21:35","modified_gmt":"2026-01-07T12:21:35","slug":"les-mocassins-volants-dolivier-saillard","status":"publish","type":"post","link":"https:\/\/www.claude-arnaud.com\/fr\/archives\/17015","title":{"rendered":"Les mocassins volants d&rsquo;Olivier SAILLARD"},"content":{"rendered":"<p><strong><a href=\"https:\/\/www.claude-arnaud.com\/fr\/wp-content\/uploads\/2025\/12\/olivier-saillard-1-tt-width-690-height-966-crop-1-bgcolor-ffffff-except_gif-1.jpg\"><img loading=\"lazy\" decoding=\"async\" class=\"alignleft size-medium wp-image-17023\" src=\"https:\/\/www.claude-arnaud.com\/fr\/wp-content\/uploads\/2025\/12\/olivier-saillard-1-tt-width-690-height-966-crop-1-bgcolor-ffffff-except_gif-1-214x300.jpg\" alt=\"\" width=\"214\" height=\"300\" srcset=\"https:\/\/www.claude-arnaud.com\/fr\/wp-content\/uploads\/2025\/12\/olivier-saillard-1-tt-width-690-height-966-crop-1-bgcolor-ffffff-except_gif-1-214x300.jpg 214w, https:\/\/www.claude-arnaud.com\/fr\/wp-content\/uploads\/2025\/12\/olivier-saillard-1-tt-width-690-height-966-crop-1-bgcolor-ffffff-except_gif-1.jpg 690w\" sizes=\"auto, (max-width: 214px) 100vw, 214px\" \/><\/a>Ce mardi 9 d\u00e9cembre 2025, <span style=\"color: #008000;\">Olivier SAILLARD<\/span> a pr\u00e9sent\u00e9 au public de la M\u00e9nagerie de verre (<span style=\"color: #008000;\">Paris 75011<\/span>), dans une performance men\u00e9e par <span style=\"color: #008000;\">Axelle DOU\u00c9<\/span> et\u00a0 Kayjije KAGAME, les 19 paires de mocassins \u00a0\u00bb \u00e0 la trace\u00a0\u00bb <span style=\"color: #008000;\">qu&rsquo;il a sp\u00e9cialement cr\u00e9\u00e9s<\/span>, avec les les artisans des ateliers WESTON, pour 19 de ses<\/strong><\/p>\n<p><a href=\"https:\/\/www.claude-arnaud.com\/fr\/wp-content\/uploads\/2025\/12\/IMG_4800.jpeg\"><img loading=\"lazy\" decoding=\"async\" class=\"size-medium wp-image-17021\" src=\"https:\/\/www.claude-arnaud.com\/fr\/wp-content\/uploads\/2025\/12\/IMG_4800-205x300.jpeg\" alt=\"\" width=\"205\" height=\"300\" srcset=\"https:\/\/www.claude-arnaud.com\/fr\/wp-content\/uploads\/2025\/12\/IMG_4800-205x300.jpeg 205w, https:\/\/www.claude-arnaud.com\/fr\/wp-content\/uploads\/2025\/12\/IMG_4800-701x1024.jpeg 701w, https:\/\/www.claude-arnaud.com\/fr\/wp-content\/uploads\/2025\/12\/IMG_4800-768x1123.jpeg 768w, https:\/\/www.claude-arnaud.com\/fr\/wp-content\/uploads\/2025\/12\/IMG_4800-1051x1536.jpeg 1051w, https:\/\/www.claude-arnaud.com\/fr\/wp-content\/uploads\/2025\/12\/IMG_4800.jpeg 1211w\" sizes=\"auto, (max-width: 205px) 100vw, 205px\" \/><\/a><\/p>\n<p><strong>proches, de <span style=\"color: #008000;\">Rachida BRAKNI<\/span> \u00e0 Emanuele COCCIA, d&rsquo;Eric CANTONA \u00e0 H\u00e9l\u00e8ne DELPRAT, de Sophie FONTANEL \u00e0 <span style=\"color: #008000;\">Mathilde MONNIER<\/span>, \u00e0 partir de v\u00eatements qu&rsquo;elles et ils ont port\u00e9s. Tir\u00e9e d&rsquo;un pantalon corsaire, le mod\u00e8le ici pr\u00e9sent\u00e9 a \u00e9t\u00e9 con\u00e7u et execut\u00e9 pour <span style=\"color: #008000;\">Claude ARNAUD<\/span>. Pour lire le texte de pr\u00e9sentation d&rsquo;<a href=\"https:\/\/www.claude-arnaud.com\/fr\/wp-content\/uploads\/2025\/12\/IMG_2771.jpg.pdf\">Olivier SAILLARD<\/a>. Et celui o\u00f9 <span style=\"color: #008000;\">Claude ARNAUD<\/span> retrace l&rsquo;histoire de ce pantalon m\u00e9tamorphos\u00e9 <a href=\"https:\/\/www.claude-arnaud.com\/fr\/wp-content\/uploads\/2025\/12\/IMG_2772.jpg.pdf\">en chaussures<\/a>. \u00ab\u00a0Dans un coton ray\u00e9 d&rsquo;espoirs\/ <span style=\"color: #008000;\">Contrari\u00e9s par un berlingot d&rsquo;eau de Javel amn\u00e9sique<\/span>\/ Un pantalon port\u00e9 par Claude Arnaud\/ <span style=\"color: #008000;\">Taill\u00e9 en mocassin Dandy de <a href=\"https:\/\/www.claude-arnaud.com\/fr\/wp-content\/uploads\/2025\/12\/IMG_1666.jpg\"><img loading=\"lazy\" decoding=\"async\" class=\"alignleft size-medium wp-image-17026\" src=\"https:\/\/www.claude-arnaud.com\/fr\/wp-content\/uploads\/2025\/12\/IMG_1666-300x256.jpg\" alt=\"\" width=\"300\" height=\"256\" srcset=\"https:\/\/www.claude-arnaud.com\/fr\/wp-content\/uploads\/2025\/12\/IMG_1666-300x256.jpg 300w, https:\/\/www.claude-arnaud.com\/fr\/wp-content\/uploads\/2025\/12\/IMG_1666-1024x873.jpg 1024w, https:\/\/www.claude-arnaud.com\/fr\/wp-content\/uploads\/2025\/12\/IMG_1666-768x655.jpg 768w, https:\/\/www.claude-arnaud.com\/fr\/wp-content\/uploads\/2025\/12\/IMG_1666-1536x1309.jpg 1536w, https:\/\/www.claude-arnaud.com\/fr\/wp-content\/uploads\/2025\/12\/IMG_1666.jpg 1851w\" sizes=\"auto, (max-width: 300px) 100vw, 300px\" \/><\/a>circonstances<\/span>\/ Et de grands boulevards errants\u00a0\u00bb, conclue<span style=\"color: #008000;\"> Olivier SAILLARD. Tous ces mod\u00e8les <span style=\"color: #000000;\">sont visibles \u00e0 la\u00a0 galerie-boutique Weston\u00a0 du\u00a0 Marais,<\/span>\u00a0 46\u00a0 rue\u00a0 des\u00a0 Archives,\u00a0 75004,\u00a0 jusqu&rsquo;au\u00a0 17\u00a0 janvier, puis\u00a0 partiront\u00a0 <span style=\"color: #000000;\">pour\u00a0 le\u00a0 Japon,\u00a0 o\u00f9\u00a0 ils seront expos\u00e9s\u00a0 \u00e0\u00a0 Tokyo<\/span>, dans le magasin Weston d&rsquo;Hamacho, jusqu&rsquo;au\u00a0 25\u00a0 f\u00e9vrier.<a href=\"https:\/\/www.claude-arnaud.com\/fr\/wp-content\/uploads\/2023\/05\/Claude-Arnaud.jpg\"><img loading=\"lazy\" decoding=\"async\" class=\"alignright size-medium wp-image-15437\" src=\"https:\/\/www.claude-arnaud.com\/fr\/wp-content\/uploads\/2023\/05\/Claude-Arnaud-278x300.jpg\" alt=\"\" width=\"278\" height=\"300\" srcset=\"https:\/\/www.claude-arnaud.com\/fr\/wp-content\/uploads\/2023\/05\/Claude-Arnaud-278x300.jpg 278w, https:\/\/www.claude-arnaud.com\/fr\/wp-content\/uploads\/2023\/05\/Claude-Arnaud-949x1024.jpg 949w, https:\/\/www.claude-arnaud.com\/fr\/wp-content\/uploads\/2023\/05\/Claude-Arnaud-768x829.jpg 768w, https:\/\/www.claude-arnaud.com\/fr\/wp-content\/uploads\/2023\/05\/Claude-Arnaud-1423x1536.jpg 1423w, https:\/\/www.claude-arnaud.com\/fr\/wp-content\/uploads\/2023\/05\/Claude-Arnaud-1897x2048.jpg 1897w, https:\/\/www.claude-arnaud.com\/fr\/wp-content\/uploads\/2023\/05\/Claude-Arnaud.jpg 1948w\" sizes=\"auto, (max-width: 278px) 100vw, 278px\" \/><\/a><\/span><\/strong><\/p>\n\n\n<p><\/p>\n\n\n\n<p><\/p>\n","protected":false},"excerpt":{"rendered":"<p>Ce mardi 9 d\u00e9cembre 2025, Olivier SAILLARD a pr\u00e9sent\u00e9 au public de la M\u00e9nagerie de verre (Paris 75011), dans une performance men\u00e9e par Axelle DOU\u00c9 et\u00a0 Kayjije KAGAME, les 19 paires de mocassins \u00a0\u00bb \u00e0 la trace\u00a0\u00bb qu&rsquo;il a sp\u00e9cialement cr\u00e9\u00e9s, avec les les artisans des ateliers WESTON, pour 19 de ses proches, de Rachida [&hellip;]<\/p>\n","protected":false},"author":2,"featured_media":0,"comment_status":"open","ping_status":"","sticky":false,"template":"","format":"standard","meta":{"footnotes":""},"categories":[6],"tags":[],"class_list":["post-17015","post","type-post","status-publish","format-standard","hentry","category-evenements","count-0","even alt","author-claude-arnaud","last"],"post_mailing_queue_ids":[],"_links":{"self":[{"href":"https:\/\/www.claude-arnaud.com\/fr\/wp-json\/wp\/v2\/posts\/17015","targetHints":{"allow":["GET"]}}],"collection":[{"href":"https:\/\/www.claude-arnaud.com\/fr\/wp-json\/wp\/v2\/posts"}],"about":[{"href":"https:\/\/www.claude-arnaud.com\/fr\/wp-json\/wp\/v2\/types\/post"}],"author":[{"embeddable":true,"href":"https:\/\/www.claude-arnaud.com\/fr\/wp-json\/wp\/v2\/users\/2"}],"replies":[{"embeddable":true,"href":"https:\/\/www.claude-arnaud.com\/fr\/wp-json\/wp\/v2\/comments?post=17015"}],"version-history":[{"count":9,"href":"https:\/\/www.claude-arnaud.com\/fr\/wp-json\/wp\/v2\/posts\/17015\/revisions"}],"predecessor-version":[{"id":17061,"href":"https:\/\/www.claude-arnaud.com\/fr\/wp-json\/wp\/v2\/posts\/17015\/revisions\/17061"}],"wp:attachment":[{"href":"https:\/\/www.claude-arnaud.com\/fr\/wp-json\/wp\/v2\/media?parent=17015"}],"wp:term":[{"taxonomy":"category","embeddable":true,"href":"https:\/\/www.claude-arnaud.com\/fr\/wp-json\/wp\/v2\/categories?post=17015"},{"taxonomy":"post_tag","embeddable":true,"href":"https:\/\/www.claude-arnaud.com\/fr\/wp-json\/wp\/v2\/tags?post=17015"}],"curies":[{"name":"wp","href":"https:\/\/api.w.org\/{rel}","templated":true}]}}