{"id":16812,"date":"2025-07-18T23:43:44","date_gmt":"2025-07-18T22:43:44","guid":{"rendered":"https:\/\/www.claude-arnaud.com\/fr\/?p=16812"},"modified":"2025-07-18T23:43:44","modified_gmt":"2025-07-18T22:43:44","slug":"gaza-persecute","status":"publish","type":"post","link":"https:\/\/www.claude-arnaud.com\/fr\/archives\/16812","title":{"rendered":"GAZA pers\u00e9cut\u00e9"},"content":{"rendered":"<p><strong><a href=\"https:\/\/www.claude-arnaud.com\/fr\/wp-content\/uploads\/2025\/07\/01f435f7eaad62d3a4b8f1cacb64108c001687f68a03c1da72684862f98465a3.webp\"><img loading=\"lazy\" decoding=\"async\" class=\"alignleft size-medium wp-image-16813\" src=\"https:\/\/www.claude-arnaud.com\/fr\/wp-content\/uploads\/2025\/07\/01f435f7eaad62d3a4b8f1cacb64108c001687f68a03c1da72684862f98465a3-300x169.webp\" alt=\"\" width=\"300\" height=\"169\" srcset=\"https:\/\/www.claude-arnaud.com\/fr\/wp-content\/uploads\/2025\/07\/01f435f7eaad62d3a4b8f1cacb64108c001687f68a03c1da72684862f98465a3-300x169.webp 300w, https:\/\/www.claude-arnaud.com\/fr\/wp-content\/uploads\/2025\/07\/01f435f7eaad62d3a4b8f1cacb64108c001687f68a03c1da72684862f98465a3.webp 704w\" sizes=\"auto, (max-width: 300px) 100vw, 300px\" \/><\/a>L&rsquo;arm\u00e9e isra\u00e9lienne a fini par reconna\u00eetre une \u00ab\u00a0<span style=\"color: #008000;\">erreur<\/span>\u00a0\u00bb apr\u00e8s que son protecteur am\u00e9ricain se soit \u00e9tonn\u00e9 que l&rsquo;<span style=\"color: #008000;\">\u00e9glise catholique de la Sainte Famille de Gaza<\/span> ait \u00e9t\u00e9 bombard\u00e9e, mais ce sont des dizaines d'\u00a0\u00bberreurs\u00a0\u00bb, \u00e0 cette aune, que <span style=\"color: #008000;\">Tsahal commet chaque jour<\/span> dans cette bande martyr &#8211; \u00e0 ceci pr\u00e8s que ce sont d&rsquo;ordinaire des <span style=\"color: #008000;\">mosqu\u00e9es<\/span>, des h\u00f4pitaux, des <span style=\"color: #008000;\">\u00e9coles<\/span>, des dispensaires, des immeubles civils qui sont vis\u00e9s par centaines. Personne ne doute que certaines de ses installations<span style=\"color: #008000;\"> n&rsquo;abritent encore dans leurs sous-sols des cellules du Hamas<\/span>, mais cette strat\u00e9gie militaire, apr\u00e8s plus de deux ans de pilonnages massifs cens\u00e9s avoir \u00e9radiqu\u00e9 le groupe islamiste,\u00a0 ne peut plus masquer <span style=\"color: #008000;\">le d\u00e9sir quasi-assum\u00e9e de vider la bande de ses habitants<\/span> en les d\u00e9go\u00fbtant d&rsquo;y survivre plus longtemps. <span style=\"color: #008000;\">L&rsquo;incapacit\u00e9 de l&rsquo;Europe \u00e0 sanctionner Isra\u00ebl de ce nettoyage ethnique \u00e0 peine d\u00e9guis\u00e9 n&rsquo;est pas acceptable.<\/span> Pourquoi l&rsquo;Ukraine occup\u00e9e, <span style=\"color: #008000;\">la Birmanie des putschistes<\/span> ou la Bi\u00e9lorussie dictatoriale et pas Gaza? <span style=\"color: #008000;\">Comment peut-on tol\u00e9rer que chaque jours des dizaines de<span style=\"color: #000000;\"> malheureux venus chercher de l&rsquo;aide alimentaire<\/span> soient tir\u00e9s comme des lapins?<\/span> La vengeance sans fin ne peut servir de strat\u00e9gie militaire, les standards humanitaires doivent \u00eatre les m\u00eames partout.\u00a0<\/strong><\/p>\n","protected":false},"excerpt":{"rendered":"<p>L&rsquo;arm\u00e9e isra\u00e9lienne a fini par reconna\u00eetre une \u00ab\u00a0erreur\u00a0\u00bb apr\u00e8s que son protecteur am\u00e9ricain se soit \u00e9tonn\u00e9 que l&rsquo;\u00e9glise catholique de la Sainte Famille de Gaza ait \u00e9t\u00e9 bombard\u00e9e, mais ce sont des dizaines d&rsquo;\u00a0\u00bberreurs\u00a0\u00bb, \u00e0 cette aune, que Tsahal commet chaque jour dans cette bande martyr &#8211; \u00e0 ceci pr\u00e8s que ce sont d&rsquo;ordinaire des [&hellip;]<\/p>\n","protected":false},"author":2,"featured_media":0,"comment_status":"open","ping_status":"","sticky":false,"template":"","format":"standard","meta":{"footnotes":""},"categories":[6],"tags":[],"class_list":["post-16812","post","type-post","status-publish","format-standard","hentry","category-evenements","count-0","even alt","author-claude-arnaud","last"],"post_mailing_queue_ids":[],"_links":{"self":[{"href":"https:\/\/www.claude-arnaud.com\/fr\/wp-json\/wp\/v2\/posts\/16812","targetHints":{"allow":["GET"]}}],"collection":[{"href":"https:\/\/www.claude-arnaud.com\/fr\/wp-json\/wp\/v2\/posts"}],"about":[{"href":"https:\/\/www.claude-arnaud.com\/fr\/wp-json\/wp\/v2\/types\/post"}],"author":[{"embeddable":true,"href":"https:\/\/www.claude-arnaud.com\/fr\/wp-json\/wp\/v2\/users\/2"}],"replies":[{"embeddable":true,"href":"https:\/\/www.claude-arnaud.com\/fr\/wp-json\/wp\/v2\/comments?post=16812"}],"version-history":[{"count":7,"href":"https:\/\/www.claude-arnaud.com\/fr\/wp-json\/wp\/v2\/posts\/16812\/revisions"}],"predecessor-version":[{"id":16820,"href":"https:\/\/www.claude-arnaud.com\/fr\/wp-json\/wp\/v2\/posts\/16812\/revisions\/16820"}],"wp:attachment":[{"href":"https:\/\/www.claude-arnaud.com\/fr\/wp-json\/wp\/v2\/media?parent=16812"}],"wp:term":[{"taxonomy":"category","embeddable":true,"href":"https:\/\/www.claude-arnaud.com\/fr\/wp-json\/wp\/v2\/categories?post=16812"},{"taxonomy":"post_tag","embeddable":true,"href":"https:\/\/www.claude-arnaud.com\/fr\/wp-json\/wp\/v2\/tags?post=16812"}],"curies":[{"name":"wp","href":"https:\/\/api.w.org\/{rel}","templated":true}]}}