{"id":16771,"date":"2025-06-15T17:00:56","date_gmt":"2025-06-15T16:00:56","guid":{"rendered":"https:\/\/www.claude-arnaud.com\/fr\/?p=16771"},"modified":"2025-07-25T16:29:38","modified_gmt":"2025-07-25T15:29:38","slug":"pour-celebrer-georges-liebert","status":"publish","type":"post","link":"https:\/\/www.claude-arnaud.com\/fr\/archives\/16771","title":{"rendered":"Pour c\u00e9l\u00e9brer Georges LIEBERT&#8230;"},"content":{"rendered":"<p><a href=\"https:\/\/www.claude-arnaud.com\/fr\/wp-content\/uploads\/2025\/06\/1COUV_190-NON-ENCADREE-936x1290-1.webp\"><img loading=\"lazy\" decoding=\"async\" class=\"alignleft size-medium wp-image-16772\" src=\"https:\/\/www.claude-arnaud.com\/fr\/wp-content\/uploads\/2025\/06\/1COUV_190-NON-ENCADREE-936x1290-1-218x300.webp\" alt=\"\" width=\"218\" height=\"300\" srcset=\"https:\/\/www.claude-arnaud.com\/fr\/wp-content\/uploads\/2025\/06\/1COUV_190-NON-ENCADREE-936x1290-1-218x300.webp 218w, https:\/\/www.claude-arnaud.com\/fr\/wp-content\/uploads\/2025\/06\/1COUV_190-NON-ENCADREE-936x1290-1-743x1024.webp 743w, https:\/\/www.claude-arnaud.com\/fr\/wp-content\/uploads\/2025\/06\/1COUV_190-NON-ENCADREE-936x1290-1-768x1058.webp 768w, https:\/\/www.claude-arnaud.com\/fr\/wp-content\/uploads\/2025\/06\/1COUV_190-NON-ENCADREE-936x1290-1.webp 936w\" sizes=\"auto, (max-width: 218px) 100vw, 218px\" \/><\/a><strong><a href=\"https:\/\/www.claude-arnaud.com\/fr\/wp-content\/uploads\/2023\/12\/largeportrait_af057b68.jpg\"><img loading=\"lazy\" decoding=\"async\" class=\"alignleft size-full wp-image-15980\" src=\"https:\/\/www.claude-arnaud.com\/fr\/wp-content\/uploads\/2023\/12\/largeportrait_af057b68.jpg\" alt=\"\" width=\"150\" height=\"150\" \/><\/a>La revue trimestrielle<span style=\"color: #008000;\"> COMMENTAIRE<\/span>, dans son num\u00e9ro <span style=\"color: #008000;\">190<\/span> dat\u00e9 de <span style=\"color: #008000;\">l&rsquo;\u00e9t\u00e9 2O25<\/span>, rend hommage au remarquable \u00e9diteur et essayiste que fut <span style=\"color: #008000;\">George LIEBERT<\/span> (1943-2025).\u00a0 <span style=\"color: #008000;\">CLAUDE ARNAUD<\/span> y a contribu\u00e9 avec un texte intitul\u00e9 \u00ab\u00a0LA TEMP\u00caTE GEORGES\u00a0\u00bb. Pour lire l&rsquo;amorce <a href=\"https:\/\/www.commentaire.fr\/la-tempete-georges\/\" target=\"_blank\" rel=\"noopener\">de cette contribution.<\/a>.. Et pour d\u00e9couvrir ses <a href=\"https:\/\/www.claude-arnaud.com\/fr\/wp-content\/uploads\/2025\/06\/La-tempete-George-extrait.pages\">premiers paragraphes&#8230;<\/a><a href=\"https:\/\/www.claude-arnaud.com\/fr\/wp-content\/uploads\/2025\/01\/unnamed.jpg\"><img loading=\"lazy\" decoding=\"async\" class=\"alignright size-medium wp-image-16578\" src=\"https:\/\/www.claude-arnaud.com\/fr\/wp-content\/uploads\/2025\/01\/unnamed-199x300.jpg\" alt=\"\" width=\"199\" height=\"300\" srcset=\"https:\/\/www.claude-arnaud.com\/fr\/wp-content\/uploads\/2025\/01\/unnamed-199x300.jpg 199w, https:\/\/www.claude-arnaud.com\/fr\/wp-content\/uploads\/2025\/01\/unnamed.jpg 339w\" sizes=\"auto, (max-width: 199px) 100vw, 199px\" \/><\/a><\/strong><\/p>\n","protected":false},"excerpt":{"rendered":"<p>La revue trimestrielle COMMENTAIRE, dans son num\u00e9ro 190 dat\u00e9 de l&rsquo;\u00e9t\u00e9 2O25, rend hommage au remarquable \u00e9diteur et essayiste que fut George LIEBERT (1943-2025).\u00a0 CLAUDE ARNAUD y a contribu\u00e9 avec un texte intitul\u00e9 \u00ab\u00a0LA TEMP\u00caTE GEORGES\u00a0\u00bb. Pour lire l&rsquo;amorce de cette contribution&#8230; Et pour d\u00e9couvrir ses premiers paragraphes&#8230;<\/p>\n","protected":false},"author":2,"featured_media":0,"comment_status":"open","ping_status":"","sticky":false,"template":"","format":"standard","meta":{"footnotes":""},"categories":[6],"tags":[],"class_list":["post-16771","post","type-post","status-publish","format-standard","hentry","category-evenements","count-0","even alt","author-claude-arnaud","last"],"post_mailing_queue_ids":[],"_links":{"self":[{"href":"https:\/\/www.claude-arnaud.com\/fr\/wp-json\/wp\/v2\/posts\/16771","targetHints":{"allow":["GET"]}}],"collection":[{"href":"https:\/\/www.claude-arnaud.com\/fr\/wp-json\/wp\/v2\/posts"}],"about":[{"href":"https:\/\/www.claude-arnaud.com\/fr\/wp-json\/wp\/v2\/types\/post"}],"author":[{"embeddable":true,"href":"https:\/\/www.claude-arnaud.com\/fr\/wp-json\/wp\/v2\/users\/2"}],"replies":[{"embeddable":true,"href":"https:\/\/www.claude-arnaud.com\/fr\/wp-json\/wp\/v2\/comments?post=16771"}],"version-history":[{"count":2,"href":"https:\/\/www.claude-arnaud.com\/fr\/wp-json\/wp\/v2\/posts\/16771\/revisions"}],"predecessor-version":[{"id":16830,"href":"https:\/\/www.claude-arnaud.com\/fr\/wp-json\/wp\/v2\/posts\/16771\/revisions\/16830"}],"wp:attachment":[{"href":"https:\/\/www.claude-arnaud.com\/fr\/wp-json\/wp\/v2\/media?parent=16771"}],"wp:term":[{"taxonomy":"category","embeddable":true,"href":"https:\/\/www.claude-arnaud.com\/fr\/wp-json\/wp\/v2\/categories?post=16771"},{"taxonomy":"post_tag","embeddable":true,"href":"https:\/\/www.claude-arnaud.com\/fr\/wp-json\/wp\/v2\/tags?post=16771"}],"curies":[{"name":"wp","href":"https:\/\/api.w.org\/{rel}","templated":true}]}}