{"id":16719,"date":"2025-05-16T22:00:57","date_gmt":"2025-05-16T21:00:57","guid":{"rendered":"https:\/\/www.claude-arnaud.com\/fr\/?p=16719"},"modified":"2025-05-19T12:36:28","modified_gmt":"2025-05-19T11:36:28","slug":"adieux-emouvants-a-angelo-rinaldi","status":"publish","type":"post","link":"https:\/\/www.claude-arnaud.com\/fr\/archives\/16719","title":{"rendered":"Adieux \u00e9mouvants \u00e0 Angelo RINALDI"},"content":{"rendered":"<p><strong>Ce vendredi 16 mai 2025, les parents venus de Corse, les amis parisiens d&rsquo;<span style=\"color: #008000;\">Angelo RINALDI<\/span> comme ses<a href=\"https:\/\/www.claude-arnaud.com\/fr\/wp-content\/uploads\/2025\/05\/03a2a9d_sirius-fs-upload-1-hdy5j76dyh5s-1746620297489-aurimages-art-histoire-aurimages-0032867-143.png\"><img loading=\"lazy\" decoding=\"async\" class=\"alignright size-medium wp-image-16723\" src=\"https:\/\/www.claude-arnaud.com\/fr\/wp-content\/uploads\/2025\/05\/03a2a9d_sirius-fs-upload-1-hdy5j76dyh5s-1746620297489-aurimages-art-histoire-aurimages-0032867-143-300x300.png\" alt=\"\" width=\"300\" height=\"300\" srcset=\"https:\/\/www.claude-arnaud.com\/fr\/wp-content\/uploads\/2025\/05\/03a2a9d_sirius-fs-upload-1-hdy5j76dyh5s-1746620297489-aurimages-art-histoire-aurimages-0032867-143-300x300.png 300w, https:\/\/www.claude-arnaud.com\/fr\/wp-content\/uploads\/2025\/05\/03a2a9d_sirius-fs-upload-1-hdy5j76dyh5s-1746620297489-aurimages-art-histoire-aurimages-0032867-143-1024x1024.png 1024w, https:\/\/www.claude-arnaud.com\/fr\/wp-content\/uploads\/2025\/05\/03a2a9d_sirius-fs-upload-1-hdy5j76dyh5s-1746620297489-aurimages-art-histoire-aurimages-0032867-143-150x150.png 150w, https:\/\/www.claude-arnaud.com\/fr\/wp-content\/uploads\/2025\/05\/03a2a9d_sirius-fs-upload-1-hdy5j76dyh5s-1746620297489-aurimages-art-histoire-aurimages-0032867-143-768x768.png 768w, https:\/\/www.claude-arnaud.com\/fr\/wp-content\/uploads\/2025\/05\/03a2a9d_sirius-fs-upload-1-hdy5j76dyh5s-1746620297489-aurimages-art-histoire-aurimages-0032867-143.png 1200w\" sizes=\"auto, (max-width: 300px) 100vw, 300px\" \/><\/a> admirateurs de toutes origines se sont r\u00e9unis en l&rsquo;\u00e9glise <span style=\"color: #008000;\">SAINT-GERMAIN-DES-PR\u00c9S<\/span> \u00e0 Paris pour rendre un <span style=\"color: #008000;\">dernier hommage \u00e0 l&rsquo;auteur<\/span> de \u00ab\u00a0La derni\u00e8re f\u00eate de l&rsquo;Empire\u00a0\u00bb, d\u00e9c\u00e9d\u00e9 <span style=\"color: #008000;\">ce 7 mai \u00e0 Paris<\/span>. De nombreux \u00e9crivains (Amin MAALOUF, <span style=\"color: #008000;\">Charles DANTZIG<\/span>, Jean-Maris BESSET&#8230;) ont t\u00e9moign\u00e9s de la pr\u00e9sence\u00a0 <span style=\"color: #008000;\">singuli\u00e8re d&rsquo;un auteur<\/span> qui avait plac\u00e9 <span style=\"color: #008000;\">plus haut que tout la litt\u00e9rature et qui,<\/span> comme critique, avait impos\u00e9 un magister d&rsquo;une rare rigueur, celle d&rsquo;un incorruptible qui aurait eu de l&rsquo;humour. <span style=\"color: #008000;\">Jacques-Fran\u00e7ois LOISELEUR des LONGCHAMPS<\/span>, qui l&rsquo;aura accompagn\u00e9 dans les derni\u00e8res ann\u00e9es, a chant\u00e9 <em>L&rsquo;invitation au voyage<\/em> de <span style=\"color: #008000;\">DUPARC<\/span> et le com\u00e9dien <span style=\"color: #008000;\">Charles GABRIEL<\/span> a r\u00e9cit\u00e9 un po\u00e8me d&rsquo;<span style=\"color: #008000;\">Olivier LARRONDE<\/span>, un des po\u00e8tes pr\u00e9f\u00e9r\u00e9s du d\u00e9funt.<\/strong><\/p>\n<p><strong><a href=\"https:\/\/www.claude-arnaud.com\/fr\/wp-content\/uploads\/2025\/05\/5ed98863-51fa-4a29-9c04-09a148cf7e45.jpg\"><img loading=\"lazy\" decoding=\"async\" class=\"alignleft size-medium wp-image-16721\" src=\"https:\/\/www.claude-arnaud.com\/fr\/wp-content\/uploads\/2025\/05\/5ed98863-51fa-4a29-9c04-09a148cf7e45-225x300.jpg\" alt=\"\" width=\"225\" height=\"300\" srcset=\"https:\/\/www.claude-arnaud.com\/fr\/wp-content\/uploads\/2025\/05\/5ed98863-51fa-4a29-9c04-09a148cf7e45-225x300.jpg 225w, https:\/\/www.claude-arnaud.com\/fr\/wp-content\/uploads\/2025\/05\/5ed98863-51fa-4a29-9c04-09a148cf7e45.jpg 720w\" sizes=\"auto, (max-width: 225px) 100vw, 225px\" \/><\/a>Pour d\u00e9couvrir le t\u00e9moignage lu dans l&rsquo;\u00e9glise par <span style=\"color: #008000;\">Claude ARNAUD<\/span>&#8230;<a href=\"https:\/\/www.claude-arnaud.com\/fr\/wp-content\/uploads\/2025\/05\/page-1.pdf\">page 1<\/a>. <a href=\"https:\/\/www.claude-arnaud.com\/fr\/wp-content\/uploads\/2025\/05\/page-2.pdf\">page 2<\/a>. <a href=\"https:\/\/www.claude-arnaud.com\/fr\/wp-content\/uploads\/2025\/05\/page-3.pdf\">page 3<\/a>.<\/strong><\/p>\n<p><strong>Pour lire l&rsquo;article que <span style=\"color: #008000;\">Claude ARNAUD<\/span> avait consacr\u00e9, dans <em>Le Point<\/em>, au dernier roman publi\u00e9 d&rsquo;Angelo Rinaldi, <em><a href=\"https:\/\/www.claude-arnaud.com\/fr\/wp-content\/uploads\/2025\/05\/Rinaldi-Le-point.pdf\">Torrent<\/a><\/em>&#8230; <em><a href=\"https:\/\/www.claude-arnaud.com\/fr\/wp-content\/uploads\/2025\/05\/Rinaldi.pdf\">Ou encore<\/a>&#8230;<\/em><\/strong><\/p>\n<p><strong> Pour lire ou relire l&rsquo;article qu&rsquo;<span style=\"color: #008000;\">Angelo RINALDI<\/span> avait consacr\u00e9 \u00e0 sa biographie de <span style=\"color: #008000;\">COCTEAU<\/span>, parue chez Gallimard en 2003 : <a href=\"https:\/\/www.claude-arnaud.com\/fr\/wp-content\/uploads\/2021\/02\/Rinaldi-2.pdf\">page 1<\/a>. <a href=\"https:\/\/www.claude-arnaud.com\/fr\/wp-content\/uploads\/2021\/02\/Rinaldi-2-1.pdf\">page 2<\/a>. <a href=\"https:\/\/www.claude-arnaud.com\/fr\/wp-content\/uploads\/2021\/02\/Rinaldi-3-1.pdf\">page 3<\/a>. <a href=\"https:\/\/www.claude-arnaud.com\/fr\/wp-content\/uploads\/2021\/02\/Rinaldi-4.pdf\">page 4<\/a><br \/>\n<\/strong><\/p>\n","protected":false},"excerpt":{"rendered":"<p>Ce vendredi 16 mai 2025, les parents venus de Corse, les amis parisiens d&rsquo;Angelo RINALDI comme ses admirateurs de toutes origines se sont r\u00e9unis en l&rsquo;\u00e9glise SAINT-GERMAIN-DES-PR\u00c9S \u00e0 Paris pour rendre un dernier hommage \u00e0 l&rsquo;auteur de \u00ab\u00a0La derni\u00e8re f\u00eate de l&rsquo;Empire\u00a0\u00bb, d\u00e9c\u00e9d\u00e9 ce 7 mai \u00e0 Paris. De nombreux \u00e9crivains (Amin MAALOUF, Charles DANTZIG, [&hellip;]<\/p>\n","protected":false},"author":2,"featured_media":0,"comment_status":"open","ping_status":"","sticky":false,"template":"","format":"standard","meta":{"footnotes":""},"categories":[6],"tags":[],"class_list":["post-16719","post","type-post","status-publish","format-standard","hentry","category-evenements","count-0","even alt","author-claude-arnaud","last"],"post_mailing_queue_ids":[],"_links":{"self":[{"href":"https:\/\/www.claude-arnaud.com\/fr\/wp-json\/wp\/v2\/posts\/16719","targetHints":{"allow":["GET"]}}],"collection":[{"href":"https:\/\/www.claude-arnaud.com\/fr\/wp-json\/wp\/v2\/posts"}],"about":[{"href":"https:\/\/www.claude-arnaud.com\/fr\/wp-json\/wp\/v2\/types\/post"}],"author":[{"embeddable":true,"href":"https:\/\/www.claude-arnaud.com\/fr\/wp-json\/wp\/v2\/users\/2"}],"replies":[{"embeddable":true,"href":"https:\/\/www.claude-arnaud.com\/fr\/wp-json\/wp\/v2\/comments?post=16719"}],"version-history":[{"count":11,"href":"https:\/\/www.claude-arnaud.com\/fr\/wp-json\/wp\/v2\/posts\/16719\/revisions"}],"predecessor-version":[{"id":16740,"href":"https:\/\/www.claude-arnaud.com\/fr\/wp-json\/wp\/v2\/posts\/16719\/revisions\/16740"}],"wp:attachment":[{"href":"https:\/\/www.claude-arnaud.com\/fr\/wp-json\/wp\/v2\/media?parent=16719"}],"wp:term":[{"taxonomy":"category","embeddable":true,"href":"https:\/\/www.claude-arnaud.com\/fr\/wp-json\/wp\/v2\/categories?post=16719"},{"taxonomy":"post_tag","embeddable":true,"href":"https:\/\/www.claude-arnaud.com\/fr\/wp-json\/wp\/v2\/tags?post=16719"}],"curies":[{"name":"wp","href":"https:\/\/api.w.org\/{rel}","templated":true}]}}