{"id":16454,"date":"2025-01-12T21:16:01","date_gmt":"2025-01-12T20:16:01","guid":{"rendered":"https:\/\/www.claude-arnaud.com\/fr\/?p=16454"},"modified":"2025-01-18T15:08:43","modified_gmt":"2025-01-18T14:08:43","slug":"sur-la-descendance-de-sappho","status":"publish","type":"post","link":"https:\/\/www.claude-arnaud.com\/fr\/archives\/16454","title":{"rendered":"Sur la descendance de SAPPHO"},"content":{"rendered":"<p><strong><span style=\"color: #008000;\"><a href=\"https:\/\/www.claude-arnaud.com\/fr\/wp-content\/uploads\/2025\/01\/Selby-Wynn-Schwartz_After-Sappho_P_0.jpg\"><img loading=\"lazy\" decoding=\"async\" class=\"alignleft size-medium wp-image-16457\" src=\"https:\/\/www.claude-arnaud.com\/fr\/wp-content\/uploads\/2025\/01\/Selby-Wynn-Schwartz_After-Sappho_P_0-300x225.jpg\" alt=\"\" width=\"300\" height=\"225\" srcset=\"https:\/\/www.claude-arnaud.com\/fr\/wp-content\/uploads\/2025\/01\/Selby-Wynn-Schwartz_After-Sappho_P_0-300x225.jpg 300w, https:\/\/www.claude-arnaud.com\/fr\/wp-content\/uploads\/2025\/01\/Selby-Wynn-Schwartz_After-Sappho_P_0-768x576.jpg 768w, https:\/\/www.claude-arnaud.com\/fr\/wp-content\/uploads\/2025\/01\/Selby-Wynn-Schwartz_After-Sappho_P_0.jpg 800w\" sizes=\"auto, (max-width: 300px) 100vw, 300px\" \/><\/a>LE\u00a0 POINT,<\/span> dans son \u00e9dition\u00a0 dat\u00e9 du 9<span style=\"color: #008000;\"> janvier 2025<\/span>, a publi\u00e9 un article de <span style=\"color: #008000;\">Claude ARNAUD<\/span> consacr\u00e9 au livre choral, po\u00e9tique et singulier de la romanci\u00e8re am\u00e9ricaine <span style=\"color: #008000;\">Selby WYNN SCHWARTZ<\/span>, intitul\u00e9 \u00ab\u00a0Apr\u00e8s Sappho\u00a0\u00bb (Gallimard), donnant voix aux descendantes de <span style=\"color: #008000;\">la po\u00e9tesse grecque<a href=\"https:\/\/www.claude-arnaud.com\/fr\/wp-content\/uploads\/2023\/05\/Claude-Arnaud.jpg\"><img loading=\"lazy\" decoding=\"async\" class=\"alignright  wp-image-15437\" src=\"https:\/\/www.claude-arnaud.com\/fr\/wp-content\/uploads\/2023\/05\/Claude-Arnaud-278x300.jpg\" alt=\"\" width=\"196\" height=\"212\" srcset=\"https:\/\/www.claude-arnaud.com\/fr\/wp-content\/uploads\/2023\/05\/Claude-Arnaud-278x300.jpg 278w, https:\/\/www.claude-arnaud.com\/fr\/wp-content\/uploads\/2023\/05\/Claude-Arnaud-949x1024.jpg 949w, https:\/\/www.claude-arnaud.com\/fr\/wp-content\/uploads\/2023\/05\/Claude-Arnaud-768x829.jpg 768w, https:\/\/www.claude-arnaud.com\/fr\/wp-content\/uploads\/2023\/05\/Claude-Arnaud-1423x1536.jpg 1423w, https:\/\/www.claude-arnaud.com\/fr\/wp-content\/uploads\/2023\/05\/Claude-Arnaud-1897x2048.jpg 1897w, https:\/\/www.claude-arnaud.com\/fr\/wp-content\/uploads\/2023\/05\/Claude-Arnaud.jpg 1948w\" sizes=\"auto, (max-width: 196px) 100vw, 196px\" \/><\/a> ayant chant\u00e9 l&rsquo;amour entre femmes<\/span>. Pour lire <a href=\"https:\/\/www.claude-arnaud.com\/fr\/wp-content\/uploads\/2025\/01\/Sappho-1.pdf\">ce papier<\/a>&#8230; ou le retrouver dans sa version <\/strong><a href=\"https:\/\/www.claude-arnaud.com\/fr\/wp-content\/uploads\/2025\/01\/Selby-Schwartz.pdf\">int\u00e9grale<\/a>..<\/p>\n","protected":false},"excerpt":{"rendered":"<p>LE\u00a0 POINT, dans son \u00e9dition\u00a0 dat\u00e9 du 9 janvier 2025, a publi\u00e9 un article de Claude ARNAUD consacr\u00e9 au livre choral, po\u00e9tique et singulier de la romanci\u00e8re am\u00e9ricaine Selby WYNN SCHWARTZ, intitul\u00e9 \u00ab\u00a0Apr\u00e8s Sappho\u00a0\u00bb (Gallimard), donnant voix aux descendantes de la po\u00e9tesse grecque ayant chant\u00e9 l&rsquo;amour entre femmes. Pour lire ce papier&#8230; ou le retrouver [&hellip;]<\/p>\n","protected":false},"author":2,"featured_media":0,"comment_status":"open","ping_status":"","sticky":false,"template":"","format":"standard","meta":{"footnotes":""},"categories":[3],"tags":[],"class_list":["post-16454","post","type-post","status-publish","format-standard","hentry","category-livres","count-0","even alt","author-claude-arnaud","last"],"post_mailing_queue_ids":[],"_links":{"self":[{"href":"https:\/\/www.claude-arnaud.com\/fr\/wp-json\/wp\/v2\/posts\/16454","targetHints":{"allow":["GET"]}}],"collection":[{"href":"https:\/\/www.claude-arnaud.com\/fr\/wp-json\/wp\/v2\/posts"}],"about":[{"href":"https:\/\/www.claude-arnaud.com\/fr\/wp-json\/wp\/v2\/types\/post"}],"author":[{"embeddable":true,"href":"https:\/\/www.claude-arnaud.com\/fr\/wp-json\/wp\/v2\/users\/2"}],"replies":[{"embeddable":true,"href":"https:\/\/www.claude-arnaud.com\/fr\/wp-json\/wp\/v2\/comments?post=16454"}],"version-history":[{"count":5,"href":"https:\/\/www.claude-arnaud.com\/fr\/wp-json\/wp\/v2\/posts\/16454\/revisions"}],"predecessor-version":[{"id":16471,"href":"https:\/\/www.claude-arnaud.com\/fr\/wp-json\/wp\/v2\/posts\/16454\/revisions\/16471"}],"wp:attachment":[{"href":"https:\/\/www.claude-arnaud.com\/fr\/wp-json\/wp\/v2\/media?parent=16454"}],"wp:term":[{"taxonomy":"category","embeddable":true,"href":"https:\/\/www.claude-arnaud.com\/fr\/wp-json\/wp\/v2\/categories?post=16454"},{"taxonomy":"post_tag","embeddable":true,"href":"https:\/\/www.claude-arnaud.com\/fr\/wp-json\/wp\/v2\/tags?post=16454"}],"curies":[{"name":"wp","href":"https:\/\/api.w.org\/{rel}","templated":true}]}}