{"id":16451,"date":"2025-01-11T01:02:55","date_gmt":"2025-01-11T00:02:55","guid":{"rendered":"https:\/\/www.claude-arnaud.com\/fr\/?p=16451"},"modified":"2025-01-11T01:02:55","modified_gmt":"2025-01-11T00:02:55","slug":"pour-la-liberation-de-boualem-sensal","status":"publish","type":"post","link":"https:\/\/www.claude-arnaud.com\/fr\/archives\/16451","title":{"rendered":"Pour la lib\u00e9ration de Boualem SENSAL"},"content":{"rendered":"<p><strong>Cela va faire deux mois que l&rsquo;\u00e9crivain alg\u00e9rien <span style=\"color: #008000;\">Boualem SENSAL<\/span>, 75 ans, a \u00e9t\u00e9 arr\u00eat\u00e9 \u00e0 l&rsquo;a\u00e9roport<a href=\"https:\/\/www.claude-arnaud.com\/fr\/wp-content\/uploads\/2025\/01\/SIPA_01160305_000030-scaled-1.jpg\"><img loading=\"lazy\" decoding=\"async\" class=\"alignright size-medium wp-image-16452\" src=\"https:\/\/www.claude-arnaud.com\/fr\/wp-content\/uploads\/2025\/01\/SIPA_01160305_000030-scaled-1-200x300.jpg\" alt=\"\" width=\"200\" height=\"300\" srcset=\"https:\/\/www.claude-arnaud.com\/fr\/wp-content\/uploads\/2025\/01\/SIPA_01160305_000030-scaled-1-200x300.jpg 200w, https:\/\/www.claude-arnaud.com\/fr\/wp-content\/uploads\/2025\/01\/SIPA_01160305_000030-scaled-1-683x1024.jpg 683w, https:\/\/www.claude-arnaud.com\/fr\/wp-content\/uploads\/2025\/01\/SIPA_01160305_000030-scaled-1-768x1152.jpg 768w, https:\/\/www.claude-arnaud.com\/fr\/wp-content\/uploads\/2025\/01\/SIPA_01160305_000030-scaled-1-1024x1536.jpg 1024w, https:\/\/www.claude-arnaud.com\/fr\/wp-content\/uploads\/2025\/01\/SIPA_01160305_000030-scaled-1-1366x2048.jpg 1366w, https:\/\/www.claude-arnaud.com\/fr\/wp-content\/uploads\/2025\/01\/SIPA_01160305_000030-scaled-1.jpg 1707w\" sizes=\"auto, (max-width: 200px) 100vw, 200px\" \/><\/a> d&rsquo;ALGER et emprisonn\u00e9 par les autorit\u00e9s alg\u00e9riennes, qu&rsquo;il n&rsquo;aura cess\u00e9 de critiquer depuis vingt ans. <span style=\"color: #008000;\">Son incarc\u00e9ration est officiellement justifi\u00e9e par ses d\u00e9clarations publiques<\/span> au sujet du trac\u00e9 de la\u00a0 fronti\u00e8re entre son pays et le Maroc, mais elle est clairement aussi un \u00e9l\u00e9ment de la crise diplomatique qui oppose le r\u00e9gime <span style=\"color: #008000;\">du pr\u00e9sident TEBBOUNE \u00e0 la France<\/span>, qui venait d&rsquo;accorder \u00e0 l&rsquo;opposant sa nationalit\u00e9. <span style=\"color: #008000;\">Il n&rsquo;est pas concevable qu&rsquo;un \u00e9crivain,<\/span> qui plus est de sant\u00e9 fragile, <span style=\"color: #008000;\">et plus largement qu&rsquo;un quelconque citoyen<\/span> devienne en 2025 l&rsquo;otage d&rsquo;un diff\u00e9rent inter\u00e9tatique pour <span style=\"color: #008000;\">la simple tenue de propos, aussi pol\u00e9miques fussent-ils, sur un trac\u00e9 de fronti\u00e8re<\/span> remontant au XIX\u00b0 si\u00e8cle. On ne peut se taire <span style=\"color: #008000;\">devant les emprisonnements <span style=\"color: #000000;\">croissant d&rsquo;opposants<\/span> qui s\u00e9vissent \u00e0 nouveau en Alg\u00e9rie<\/span>.<\/strong> <a href=\"https:\/\/www.revuepolitique.fr\/comite-de-soutien-a-boualem-sansal\/\" target=\"_blank\" rel=\"noopener\">Un comit\u00e9 de soutien \u00e0 Boualem SENSAL s&rsquo;est cr\u00e9\u00e9<\/a>. <strong><span style=\"color: #008000;\">Claude ARNAUD l&rsquo;a rejoint.<\/span><\/strong><\/p>\n","protected":false},"excerpt":{"rendered":"<p>Cela va faire deux mois que l&rsquo;\u00e9crivain alg\u00e9rien Boualem SENSAL, 75 ans, a \u00e9t\u00e9 arr\u00eat\u00e9 \u00e0 l&rsquo;a\u00e9roport d&rsquo;ALGER et emprisonn\u00e9 par les autorit\u00e9s alg\u00e9riennes, qu&rsquo;il n&rsquo;aura cess\u00e9 de critiquer depuis vingt ans. Son incarc\u00e9ration est officiellement justifi\u00e9e par ses d\u00e9clarations publiques au sujet du trac\u00e9 de la\u00a0 fronti\u00e8re entre son pays et le Maroc, mais [&hellip;]<\/p>\n","protected":false},"author":2,"featured_media":0,"comment_status":"open","ping_status":"","sticky":false,"template":"","format":"standard","meta":{"footnotes":""},"categories":[6],"tags":[],"class_list":["post-16451","post","type-post","status-publish","format-standard","hentry","category-evenements","count-0","even alt","author-claude-arnaud","last"],"post_mailing_queue_ids":[],"_links":{"self":[{"href":"https:\/\/www.claude-arnaud.com\/fr\/wp-json\/wp\/v2\/posts\/16451","targetHints":{"allow":["GET"]}}],"collection":[{"href":"https:\/\/www.claude-arnaud.com\/fr\/wp-json\/wp\/v2\/posts"}],"about":[{"href":"https:\/\/www.claude-arnaud.com\/fr\/wp-json\/wp\/v2\/types\/post"}],"author":[{"embeddable":true,"href":"https:\/\/www.claude-arnaud.com\/fr\/wp-json\/wp\/v2\/users\/2"}],"replies":[{"embeddable":true,"href":"https:\/\/www.claude-arnaud.com\/fr\/wp-json\/wp\/v2\/comments?post=16451"}],"version-history":[{"count":1,"href":"https:\/\/www.claude-arnaud.com\/fr\/wp-json\/wp\/v2\/posts\/16451\/revisions"}],"predecessor-version":[{"id":16453,"href":"https:\/\/www.claude-arnaud.com\/fr\/wp-json\/wp\/v2\/posts\/16451\/revisions\/16453"}],"wp:attachment":[{"href":"https:\/\/www.claude-arnaud.com\/fr\/wp-json\/wp\/v2\/media?parent=16451"}],"wp:term":[{"taxonomy":"category","embeddable":true,"href":"https:\/\/www.claude-arnaud.com\/fr\/wp-json\/wp\/v2\/categories?post=16451"},{"taxonomy":"post_tag","embeddable":true,"href":"https:\/\/www.claude-arnaud.com\/fr\/wp-json\/wp\/v2\/tags?post=16451"}],"curies":[{"name":"wp","href":"https:\/\/api.w.org\/{rel}","templated":true}]}}