{"id":16330,"date":"2024-10-31T11:03:38","date_gmt":"2024-10-31T10:03:38","guid":{"rendered":"https:\/\/www.claude-arnaud.com\/fr\/?p=16330"},"modified":"2024-11-03T16:44:54","modified_gmt":"2024-11-03T15:44:54","slug":"le-prix-decembre-2024-va-a-abdellah-taia","status":"publish","type":"post","link":"https:\/\/www.claude-arnaud.com\/fr\/archives\/16330","title":{"rendered":"Le prix DECEMBRE 2024 va \u00e0 &#8230;Abdellah TA\u00cfA!"},"content":{"rendered":"<p><a href=\"https:\/\/www.claude-arnaud.com\/fr\/wp-content\/uploads\/2024\/10\/Abdela-Taia-Andersen.1-1200x800-1.jpg\"><img loading=\"lazy\" decoding=\"async\" class=\"alignleft size-medium wp-image-16331\" src=\"https:\/\/www.claude-arnaud.com\/fr\/wp-content\/uploads\/2024\/10\/Abdela-Taia-Andersen.1-1200x800-1-300x200.jpg\" alt=\"\" width=\"300\" height=\"200\" srcset=\"https:\/\/www.claude-arnaud.com\/fr\/wp-content\/uploads\/2024\/10\/Abdela-Taia-Andersen.1-1200x800-1-300x200.jpg 300w, https:\/\/www.claude-arnaud.com\/fr\/wp-content\/uploads\/2024\/10\/Abdela-Taia-Andersen.1-1200x800-1-1024x683.jpg 1024w, https:\/\/www.claude-arnaud.com\/fr\/wp-content\/uploads\/2024\/10\/Abdela-Taia-Andersen.1-1200x800-1-768x512.jpg 768w, https:\/\/www.claude-arnaud.com\/fr\/wp-content\/uploads\/2024\/10\/Abdela-Taia-Andersen.1-1200x800-1.jpg 1200w\" sizes=\"auto, (max-width: 300px) 100vw, 300px\" \/><\/a><strong>Ce mercredi 30 octobre, <span style=\"color: #008000;\">le jury du prix DECEMBRE<\/span> a choisi avec <span style=\"color: #008000;\">Abdellah TA\u00cfA<\/span>, par 6 voix contre deux \u00e0 <span style=\"color: #008000;\">Julia DECK<\/span>, son laur\u00e9at <span style=\"color: #008000;\">pour l&rsquo;ann\u00e9e 2024<\/span>. La foule accueillie <span style=\"color: #008000;\">par la fondation Berg\u00e9\/Saint-Laurent<\/span> a acclam\u00e9 le laur\u00e9at, qui a exprim\u00e9 avec chaleur <\/strong><strong>sa gratitude, avant de rappeler <span style=\"color: #008000;\">la g\u00e9n\u00e9rosit\u00e9 avec <a href=\"https:\/\/www.claude-arnaud.com\/fr\/wp-content\/uploads\/2024\/10\/bande-couv-Prix-Decembre.jpg\"><img loading=\"lazy\" decoding=\"async\" class=\"alignleft size-medium wp-image-16334\" src=\"https:\/\/www.claude-arnaud.com\/fr\/wp-content\/uploads\/2024\/10\/bande-couv-Prix-Decembre-205x300.jpg\" alt=\"\" width=\"205\" height=\"300\" srcset=\"https:\/\/www.claude-arnaud.com\/fr\/wp-content\/uploads\/2024\/10\/bande-couv-Prix-Decembre-205x300.jpg 205w, https:\/\/www.claude-arnaud.com\/fr\/wp-content\/uploads\/2024\/10\/bande-couv-Prix-Decembre-700x1024.jpg 700w, https:\/\/www.claude-arnaud.com\/fr\/wp-content\/uploads\/2024\/10\/bande-couv-Prix-Decembre-768x1124.jpg 768w, https:\/\/www.claude-arnaud.com\/fr\/wp-content\/uploads\/2024\/10\/bande-couv-Prix-Decembre-1049x1536.jpg 1049w, https:\/\/www.claude-arnaud.com\/fr\/wp-content\/uploads\/2024\/10\/bande-couv-Prix-Decembre-1399x2048.jpg 1399w, https:\/\/www.claude-arnaud.com\/fr\/wp-content\/uploads\/2024\/10\/bande-couv-Prix-Decembre.jpg 1654w\" sizes=\"auto, (max-width: 205px) 100vw, 205px\" \/><\/a> laquelle Pierre BERGE, parrain du prix<\/span>, l&rsquo;aida \u00e0 imprimer et diffuser gratuitement, en fran\u00e7ais puis en arabe, <span style=\"color: #008000;\">50.000 exemplaires de sa \u00ab\u00a0Lettre \u00e0 un ami marocain\u00a0\u00bb,<\/span> en suppl\u00e9ment de la revue <em>Tel Quel<\/em>, qui avait apport\u00e9 un \u00e9clairage in\u00e9dit <span style=\"color: #008000;\">sur la situation de la jeunesse, <span style=\"color: #000000;\">des femmes et de <\/span>l&rsquo;homosexualit\u00e9 au Maroc<\/span>.<\/strong><\/p>\n<p>Pour en <a href=\"https:\/\/www.nouvelobs.com\/bibliobs\/20241030.OBS95684\/abdellah-taia-remporte-le-prix-decembre-2024.html\" target=\"_blank\" rel=\"noopener\">savoir plus<\/a>&#8230; Et <a href=\"https:\/\/www.livreshebdo.fr\/article\/le-prix-decembre-2024-attribue-abdellah-taia\" target=\"_blank\" rel=\"noopener\">encore<\/a>&#8230;<\/p>\n","protected":false},"excerpt":{"rendered":"<p>Ce mercredi 30 octobre, le jury du prix DECEMBRE a choisi avec Abdellah TA\u00cfA, par 6 voix contre deux \u00e0 Julia DECK, son laur\u00e9at pour l&rsquo;ann\u00e9e 2024. La foule accueillie par la fondation Berg\u00e9\/Saint-Laurent a acclam\u00e9 le laur\u00e9at, qui a exprim\u00e9 avec chaleur sa gratitude, avant de rappeler la g\u00e9n\u00e9rosit\u00e9 avec laquelle Pierre BERGE, parrain [&hellip;]<\/p>\n","protected":false},"author":2,"featured_media":0,"comment_status":"open","ping_status":"","sticky":false,"template":"","format":"standard","meta":{"footnotes":""},"categories":[6],"tags":[],"class_list":["post-16330","post","type-post","status-publish","format-standard","hentry","category-evenements","count-0","even alt","author-claude-arnaud","last"],"post_mailing_queue_ids":[],"_links":{"self":[{"href":"https:\/\/www.claude-arnaud.com\/fr\/wp-json\/wp\/v2\/posts\/16330","targetHints":{"allow":["GET"]}}],"collection":[{"href":"https:\/\/www.claude-arnaud.com\/fr\/wp-json\/wp\/v2\/posts"}],"about":[{"href":"https:\/\/www.claude-arnaud.com\/fr\/wp-json\/wp\/v2\/types\/post"}],"author":[{"embeddable":true,"href":"https:\/\/www.claude-arnaud.com\/fr\/wp-json\/wp\/v2\/users\/2"}],"replies":[{"embeddable":true,"href":"https:\/\/www.claude-arnaud.com\/fr\/wp-json\/wp\/v2\/comments?post=16330"}],"version-history":[{"count":3,"href":"https:\/\/www.claude-arnaud.com\/fr\/wp-json\/wp\/v2\/posts\/16330\/revisions"}],"predecessor-version":[{"id":16336,"href":"https:\/\/www.claude-arnaud.com\/fr\/wp-json\/wp\/v2\/posts\/16330\/revisions\/16336"}],"wp:attachment":[{"href":"https:\/\/www.claude-arnaud.com\/fr\/wp-json\/wp\/v2\/media?parent=16330"}],"wp:term":[{"taxonomy":"category","embeddable":true,"href":"https:\/\/www.claude-arnaud.com\/fr\/wp-json\/wp\/v2\/categories?post=16330"},{"taxonomy":"post_tag","embeddable":true,"href":"https:\/\/www.claude-arnaud.com\/fr\/wp-json\/wp\/v2\/tags?post=16330"}],"curies":[{"name":"wp","href":"https:\/\/api.w.org\/{rel}","templated":true}]}}