{"id":16297,"date":"2024-09-27T22:43:44","date_gmt":"2024-09-27T21:43:44","guid":{"rendered":"https:\/\/www.claude-arnaud.com\/fr\/?p=16297"},"modified":"2024-09-27T22:43:44","modified_gmt":"2024-09-27T21:43:44","slug":"sur-le-roman-de-marie-vingtras-prix-fnac-2024","status":"publish","type":"post","link":"https:\/\/www.claude-arnaud.com\/fr\/archives\/16297","title":{"rendered":"Sur le roman de Marie Vingtras, prix FNAC 2024"},"content":{"rendered":"<p><strong><span style=\"color: #008000;\"><a href=\"https:\/\/www.claude-arnaud.com\/fr\/wp-content\/uploads\/2024\/09\/41PiO2LNFKL._SX195_.jpg\"><img loading=\"lazy\" decoding=\"async\" class=\"alignleft size-full wp-image-16299\" src=\"https:\/\/www.claude-arnaud.com\/fr\/wp-content\/uploads\/2024\/09\/41PiO2LNFKL._SX195_.jpg\" alt=\"\" width=\"195\" height=\"286\" \/><\/a>LE POINT,<\/span> dans son numero\u00a0 2721 dat\u00e9 du<span style=\"color: #008000;\"> jeudi 26 septembre<\/span> 2024, publie un article <span style=\"color: #008000;\">de Claude ARNAUD<\/span> consacr\u00e9 \u00e0 <em>Les \u00e2mes f\u00e9roces<\/em>, le roman de <span style=\"color: #008000;\">Marie VINGTRAS<\/span> publi\u00e9 aux \u00e9dtions de l&rsquo;OLIVIER, qui vient de recevoir le <span style=\"color: #008000;\">prix du roman FNAC<\/span> de cette rentr\u00e9e. Pour voir l&rsquo;amorce <a href=\"https:\/\/www.lepoint.fr\/livres\/marie-vingtras-remporte-le-prix-du-roman-fnac-26-09-2024-2571241_37.php\" target=\"_blank\" rel=\"noopener\">de cet article<\/a>. Pour le livre<\/strong> <a href=\"https:\/\/www.claude-arnaud.com\/fr\/wp-content\/uploads\/2024\/09\/Vingtras.pages.pdf\">in extenso<\/a>&#8230;<\/p>\n","protected":false},"excerpt":{"rendered":"<p>LE POINT, dans son numero\u00a0 2721 dat\u00e9 du jeudi 26 septembre 2024, publie un article de Claude ARNAUD consacr\u00e9 \u00e0 Les \u00e2mes f\u00e9roces, le roman de Marie VINGTRAS publi\u00e9 aux \u00e9dtions de l&rsquo;OLIVIER, qui vient de recevoir le prix du roman FNAC de cette rentr\u00e9e. Pour voir l&rsquo;amorce de cet article. Pour le livre in [&hellip;]<\/p>\n","protected":false},"author":2,"featured_media":0,"comment_status":"open","ping_status":"","sticky":false,"template":"","format":"standard","meta":{"footnotes":""},"categories":[4],"tags":[],"class_list":["post-16297","post","type-post","status-publish","format-standard","hentry","category-articles","count-0","even alt","author-claude-arnaud","last"],"post_mailing_queue_ids":[],"_links":{"self":[{"href":"https:\/\/www.claude-arnaud.com\/fr\/wp-json\/wp\/v2\/posts\/16297","targetHints":{"allow":["GET"]}}],"collection":[{"href":"https:\/\/www.claude-arnaud.com\/fr\/wp-json\/wp\/v2\/posts"}],"about":[{"href":"https:\/\/www.claude-arnaud.com\/fr\/wp-json\/wp\/v2\/types\/post"}],"author":[{"embeddable":true,"href":"https:\/\/www.claude-arnaud.com\/fr\/wp-json\/wp\/v2\/users\/2"}],"replies":[{"embeddable":true,"href":"https:\/\/www.claude-arnaud.com\/fr\/wp-json\/wp\/v2\/comments?post=16297"}],"version-history":[{"count":1,"href":"https:\/\/www.claude-arnaud.com\/fr\/wp-json\/wp\/v2\/posts\/16297\/revisions"}],"predecessor-version":[{"id":16300,"href":"https:\/\/www.claude-arnaud.com\/fr\/wp-json\/wp\/v2\/posts\/16297\/revisions\/16300"}],"wp:attachment":[{"href":"https:\/\/www.claude-arnaud.com\/fr\/wp-json\/wp\/v2\/media?parent=16297"}],"wp:term":[{"taxonomy":"category","embeddable":true,"href":"https:\/\/www.claude-arnaud.com\/fr\/wp-json\/wp\/v2\/categories?post=16297"},{"taxonomy":"post_tag","embeddable":true,"href":"https:\/\/www.claude-arnaud.com\/fr\/wp-json\/wp\/v2\/tags?post=16297"}],"curies":[{"name":"wp","href":"https:\/\/api.w.org\/{rel}","templated":true}]}}