{"id":16064,"date":"2024-05-01T21:36:11","date_gmt":"2024-05-01T20:36:11","guid":{"rendered":"https:\/\/www.claude-arnaud.com\/fr\/?p=16064"},"modified":"2024-05-01T21:36:11","modified_gmt":"2024-05-01T20:36:11","slug":"des-visages-et-des-mains","status":"publish","type":"post","link":"https:\/\/www.claude-arnaud.com\/fr\/archives\/16064","title":{"rendered":"Des visages et des mains"},"content":{"rendered":"<p><strong><a href=\"https:\/\/www.claude-arnaud.com\/fr\/wp-content\/uploads\/2024\/04\/Des-visages-et-des-mains.jpg\"><img loading=\"lazy\" decoding=\"async\" class=\"alignleft size-medium wp-image-16065\" src=\"https:\/\/www.claude-arnaud.com\/fr\/wp-content\/uploads\/2024\/04\/Des-visages-et-des-mains-300x300.jpg\" alt=\"\" width=\"300\" height=\"300\" srcset=\"https:\/\/www.claude-arnaud.com\/fr\/wp-content\/uploads\/2024\/04\/Des-visages-et-des-mains-300x300.jpg 300w, https:\/\/www.claude-arnaud.com\/fr\/wp-content\/uploads\/2024\/04\/Des-visages-et-des-mains-150x150.jpg 150w, https:\/\/www.claude-arnaud.com\/fr\/wp-content\/uploads\/2024\/04\/Des-visages-et-des-mains.jpg 340w\" sizes=\"auto, (max-width: 300px) 100vw, 300px\" \/><\/a>Vient de sortir,<span style=\"color: #008000;\"> aux \u00e9ditions HERSCHER<\/span>, un fort volume<\/strong><\/p>\n<div id=\"attachment_16081\" style=\"width: 259px\" class=\"wp-caption alignright\"><a href=\"https:\/\/www.claude-arnaud.com\/fr\/wp-content\/uploads\/2024\/04\/ARNAUD-Claude_Portait_2021_Paris-scaled.jpg\"><img loading=\"lazy\" decoding=\"async\" aria-describedby=\"caption-attachment-16081\" class=\" wp-image-16081\" src=\"https:\/\/www.claude-arnaud.com\/fr\/wp-content\/uploads\/2024\/04\/ARNAUD-Claude_Portait_2021_Paris-200x300.jpg\" alt=\"\" width=\"249\" height=\"374\" srcset=\"https:\/\/www.claude-arnaud.com\/fr\/wp-content\/uploads\/2024\/04\/ARNAUD-Claude_Portait_2021_Paris-200x300.jpg 200w, https:\/\/www.claude-arnaud.com\/fr\/wp-content\/uploads\/2024\/04\/ARNAUD-Claude_Portait_2021_Paris-684x1024.jpg 684w, https:\/\/www.claude-arnaud.com\/fr\/wp-content\/uploads\/2024\/04\/ARNAUD-Claude_Portait_2021_Paris-768x1151.jpg 768w, https:\/\/www.claude-arnaud.com\/fr\/wp-content\/uploads\/2024\/04\/ARNAUD-Claude_Portait_2021_Paris-1025x1536.jpg 1025w, https:\/\/www.claude-arnaud.com\/fr\/wp-content\/uploads\/2024\/04\/ARNAUD-Claude_Portait_2021_Paris-1367x2048.jpg 1367w, https:\/\/www.claude-arnaud.com\/fr\/wp-content\/uploads\/2024\/04\/ARNAUD-Claude_Portait_2021_Paris-scaled.jpg 1709w\" sizes=\"auto, (max-width: 249px) 100vw, 249px\" \/><\/a><p id=\"caption-attachment-16081\" class=\"wp-caption-text\">(ph. Hannah Assouline)<\/p><\/div>\n<p><strong>de portraits d&rsquo;\u00e9crivains sign\u00e9s <span style=\"color: #008000;\">Hannah ASSOULINE<\/span>, allant de Philippe SOUPAULT \u00e0 <span style=\"color: #008000;\">Marie N&rsquo;DAYE<\/span>, couvrant quarante ans de cr\u00e9ation litt\u00e9raire et <span style=\"color: #008000;\">montrant, toujours en noir et blanc,<\/span> leurs visages mais aussi leur outil de travail, en l&rsquo;occurrence les mains, comme l&rsquo;avait fait en son temps <span style=\"color: #008000;\">la grande Gis\u00e8le FREUND<\/span>. <em>Des visages et des mains<\/em> est \u00e9dit\u00e9 avec une belle <span style=\"color: #008000;\">pr\u00e9face de J\u00e9r\u00f4me GARCIN<\/span>, et comporte un double portait <span style=\"color: #008000;\">de Claude ARNAUD<\/span><\/strong>. <a href=\"https:\/\/www.editions-herscher.com\/livre\/Des-visages-et-des-mains\/19\" target=\"_blank\" rel=\"noopener\">Pour en savoir plus et ou trouver ce livre&#8230;<\/a><\/p>\n","protected":false},"excerpt":{"rendered":"<p>Vient de sortir, aux \u00e9ditions HERSCHER, un fort volume de portraits d&rsquo;\u00e9crivains sign\u00e9s Hannah ASSOULINE, allant de Philippe SOUPAULT \u00e0 Marie N&rsquo;DAYE, couvrant quarante ans de cr\u00e9ation litt\u00e9raire et montrant, toujours en noir et blanc, leurs visages mais aussi leur outil de travail, en l&rsquo;occurrence les mains, comme l&rsquo;avait fait en son temps la grande [&hellip;]<\/p>\n","protected":false},"author":2,"featured_media":0,"comment_status":"open","ping_status":"","sticky":false,"template":"","format":"standard","meta":{"footnotes":""},"categories":[6],"tags":[],"class_list":["post-16064","post","type-post","status-publish","format-standard","hentry","category-evenements","count-0","even alt","author-claude-arnaud","last"],"post_mailing_queue_ids":[],"_links":{"self":[{"href":"https:\/\/www.claude-arnaud.com\/fr\/wp-json\/wp\/v2\/posts\/16064","targetHints":{"allow":["GET"]}}],"collection":[{"href":"https:\/\/www.claude-arnaud.com\/fr\/wp-json\/wp\/v2\/posts"}],"about":[{"href":"https:\/\/www.claude-arnaud.com\/fr\/wp-json\/wp\/v2\/types\/post"}],"author":[{"embeddable":true,"href":"https:\/\/www.claude-arnaud.com\/fr\/wp-json\/wp\/v2\/users\/2"}],"replies":[{"embeddable":true,"href":"https:\/\/www.claude-arnaud.com\/fr\/wp-json\/wp\/v2\/comments?post=16064"}],"version-history":[{"count":9,"href":"https:\/\/www.claude-arnaud.com\/fr\/wp-json\/wp\/v2\/posts\/16064\/revisions"}],"predecessor-version":[{"id":16088,"href":"https:\/\/www.claude-arnaud.com\/fr\/wp-json\/wp\/v2\/posts\/16064\/revisions\/16088"}],"wp:attachment":[{"href":"https:\/\/www.claude-arnaud.com\/fr\/wp-json\/wp\/v2\/media?parent=16064"}],"wp:term":[{"taxonomy":"category","embeddable":true,"href":"https:\/\/www.claude-arnaud.com\/fr\/wp-json\/wp\/v2\/categories?post=16064"},{"taxonomy":"post_tag","embeddable":true,"href":"https:\/\/www.claude-arnaud.com\/fr\/wp-json\/wp\/v2\/tags?post=16064"}],"curies":[{"name":"wp","href":"https:\/\/api.w.org\/{rel}","templated":true}]}}