{"id":15762,"date":"2023-09-14T13:18:30","date_gmt":"2023-09-14T12:18:30","guid":{"rendered":"https:\/\/www.claude-arnaud.com\/fr\/?p=15762"},"modified":"2023-11-05T19:32:17","modified_gmt":"2023-11-05T18:32:17","slug":"picasso-tout-contre-cocteau-en-lice-pour-le-prix-andre-malraux","status":"publish","type":"post","link":"https:\/\/www.claude-arnaud.com\/fr\/archives\/15762","title":{"rendered":"\u00ab\u00a0Picasso tout contre Cocteau\u00a0\u00bb en lice pour le prix Andr\u00e9 MALRAUX"},"content":{"rendered":"<p><strong><span style=\"color: #008000;\"><a href=\"https:\/\/www.claude-arnaud.com\/fr\/wp-content\/uploads\/2023\/09\/PrixMalraux_Dossierdepresse_VD1.webp\"><img loading=\"lazy\" decoding=\"async\" class=\"alignleft size-medium wp-image-15765\" src=\"https:\/\/www.claude-arnaud.com\/fr\/wp-content\/uploads\/2023\/09\/PrixMalraux_Dossierdepresse_VD1-128x300.webp\" alt=\"\" width=\"128\" height=\"300\" srcset=\"https:\/\/www.claude-arnaud.com\/fr\/wp-content\/uploads\/2023\/09\/PrixMalraux_Dossierdepresse_VD1-128x300.webp 128w, https:\/\/www.claude-arnaud.com\/fr\/wp-content\/uploads\/2023\/09\/PrixMalraux_Dossierdepresse_VD1.webp 256w\" sizes=\"auto, (max-width: 128px) 100vw, 128px\" \/><\/a>\u00ab\u00a0Picasso tout contre Cocteau\u00a0\u00bb<\/span> figure dans la premi\u00e8re liste du <span style=\"color: #008000;\">Prix ANDRE-MALRAUX<\/span> d\u00e9di\u00e9 aux Essais sur l&rsquo;art, rendue publique<span style=\"color: #008000;\"> ce 13 septembre 2023<\/span>. <span class=\"\">Le Jury du Prix est compos\u00e9 de <span style=\"color: #008000;\">C\u00e9cile GUILBERT<\/span><\/span><span class=\"\">, C\u00e9line MALRAUX, <span style=\"color: #008000;\">Diana PICASSO<\/span><\/span><span class=\"\">, Alexandre DUVAL-STALLA (Pr\u00e9sident), <span style=\"color: #008000;\">Adrien GOETZ<\/span><\/span><span class=\"\">, Matthieu GARRIGOU<\/span><span class=\"\">-LAGRANGE, <span style=\"color: #008000;\">Mamadou Mahmoud N\u2019DONGO<\/span> et Mathieu SIMONET. <\/span><\/strong><a href=\"https:\/\/www.livreshebdo.fr\/article\/la-premiere-selection-du-prix-andre-malraux-2023\" target=\"_blank\" rel=\"noopener\">Pour d\u00e9couvrir cette liste&#8230;<\/a><\/p>\n<div class=\"\">\n<div class=\"\"><\/div>\n<\/div>\n<div class=\"\">\n<div class=\"\"><span class=\"\" style=\"font-family: CenturyGothic;\"><span class=\"\">\u00a0<\/span><\/span><\/div>\n<\/div>\n","protected":false},"excerpt":{"rendered":"<p>\u00ab\u00a0Picasso tout contre Cocteau\u00a0\u00bb figure dans la premi\u00e8re liste du Prix ANDRE-MALRAUX d\u00e9di\u00e9 aux Essais sur l&rsquo;art, rendue publique ce 13 septembre 2023. Le Jury du Prix est compos\u00e9 de C\u00e9cile GUILBERT, C\u00e9line MALRAUX, Diana PICASSO, Alexandre DUVAL-STALLA (Pr\u00e9sident), Adrien GOETZ, Matthieu GARRIGOU-LAGRANGE, Mamadou Mahmoud N\u2019DONGO et Mathieu SIMONET. Pour d\u00e9couvrir cette liste&#8230; \u00a0<\/p>\n","protected":false},"author":2,"featured_media":0,"comment_status":"open","ping_status":"","sticky":false,"template":"","format":"standard","meta":{"footnotes":""},"categories":[6],"tags":[],"class_list":["post-15762","post","type-post","status-publish","format-standard","hentry","category-evenements","count-0","even alt","author-claude-arnaud","last"],"post_mailing_queue_ids":[],"_links":{"self":[{"href":"https:\/\/www.claude-arnaud.com\/fr\/wp-json\/wp\/v2\/posts\/15762","targetHints":{"allow":["GET"]}}],"collection":[{"href":"https:\/\/www.claude-arnaud.com\/fr\/wp-json\/wp\/v2\/posts"}],"about":[{"href":"https:\/\/www.claude-arnaud.com\/fr\/wp-json\/wp\/v2\/types\/post"}],"author":[{"embeddable":true,"href":"https:\/\/www.claude-arnaud.com\/fr\/wp-json\/wp\/v2\/users\/2"}],"replies":[{"embeddable":true,"href":"https:\/\/www.claude-arnaud.com\/fr\/wp-json\/wp\/v2\/comments?post=15762"}],"version-history":[{"count":2,"href":"https:\/\/www.claude-arnaud.com\/fr\/wp-json\/wp\/v2\/posts\/15762\/revisions"}],"predecessor-version":[{"id":15899,"href":"https:\/\/www.claude-arnaud.com\/fr\/wp-json\/wp\/v2\/posts\/15762\/revisions\/15899"}],"wp:attachment":[{"href":"https:\/\/www.claude-arnaud.com\/fr\/wp-json\/wp\/v2\/media?parent=15762"}],"wp:term":[{"taxonomy":"category","embeddable":true,"href":"https:\/\/www.claude-arnaud.com\/fr\/wp-json\/wp\/v2\/categories?post=15762"},{"taxonomy":"post_tag","embeddable":true,"href":"https:\/\/www.claude-arnaud.com\/fr\/wp-json\/wp\/v2\/tags?post=15762"}],"curies":[{"name":"wp","href":"https:\/\/api.w.org\/{rel}","templated":true}]}}