{"id":15738,"date":"2023-09-07T21:16:45","date_gmt":"2023-09-07T20:16:45","guid":{"rendered":"https:\/\/www.claude-arnaud.com\/fr\/?p=15738"},"modified":"2023-09-10T15:35:24","modified_gmt":"2023-09-10T14:35:24","slug":"picasso-tout-contre-cocteau-dans-la-course-pour-le-prix-renaudot","status":"publish","type":"post","link":"https:\/\/www.claude-arnaud.com\/fr\/archives\/15738","title":{"rendered":"\u00ab\u00a0Picasso tout contre Cocteau\u00a0\u00bb dans la course pour le prix Renaudot"},"content":{"rendered":"\n<p><\/p>\n\n\n<p><a href=\"https:\/\/www.claude-arnaud.com\/fr\/wp-content\/uploads\/2023\/02\/9782246830733-001-T.jpeg\"><img loading=\"lazy\" decoding=\"async\" class=\"alignleft size-medium wp-image-14991\" src=\"https:\/\/www.claude-arnaud.com\/fr\/wp-content\/uploads\/2023\/02\/9782246830733-001-T-205x300.jpeg\" alt=\"\" width=\"205\" height=\"300\" srcset=\"https:\/\/www.claude-arnaud.com\/fr\/wp-content\/uploads\/2023\/02\/9782246830733-001-T-205x300.jpeg 205w, https:\/\/www.claude-arnaud.com\/fr\/wp-content\/uploads\/2023\/02\/9782246830733-001-T.jpeg 600w\" sizes=\"auto, (max-width: 205px) 100vw, 205px\" \/><\/a><strong><span style=\"color: #008000;\">\u00ab\u00a0Picasso tout contre Cocteau\u00a0\u00bb<\/span> figure dans la <span style=\"color: #339966;\">liste<\/span> de la premi\u00e8re s\u00e9lection du <span style=\"color: #008000;\">prix Renaudot de l&rsquo;essai,<\/span> publi\u00e9e ce jeudi 7 septembre 2023.<\/strong> Pour d\u00e9couvrir <a href=\"https:\/\/www.nouvelobs.com\/bibliobs\/20230907.OBS77849\/prix-renaudot-2023-16-romans-dans-la-premiere-selection.html\" target=\"_blank\" rel=\"noopener\">cette liste<\/a>&#8230;<\/p>\n<p><strong>Dirig\u00e9 cette ann\u00e9e par <span style=\"color: #008000;\">Jean-No\u00ebl PANCRAZI<\/span>, le jury est constitu\u00e9\u00a0 de Fr\u00e9d\u00e9ric BEIGBEDER, <span style=\"color: #008000;\">Patrick BESSON<\/span>, Dominique BONA, <span style=\"color: #008000;\">Georges-Olivier CHATEAUREYNAUD<\/span>, Franz-Olivier GIESBERT, <span style=\"color: #008000;\">C\u00e9cile GUILBERT<\/span> et St\u00e9phanie JANICOT. <\/strong><\/p>","protected":false},"excerpt":{"rendered":"<p>\u00ab\u00a0Picasso tout contre Cocteau\u00a0\u00bb figure dans la liste de la premi\u00e8re s\u00e9lection du prix Renaudot de l&rsquo;essai, publi\u00e9e ce jeudi 7 septembre 2023. Pour d\u00e9couvrir cette liste&#8230; Dirig\u00e9 cette ann\u00e9e par Jean-No\u00ebl PANCRAZI, le jury est constitu\u00e9\u00a0 de Fr\u00e9d\u00e9ric BEIGBEDER, Patrick BESSON, Dominique BONA, Georges-Olivier CHATEAUREYNAUD, Franz-Olivier GIESBERT, C\u00e9cile GUILBERT et St\u00e9phanie JANICOT.<\/p>\n","protected":false},"author":2,"featured_media":0,"comment_status":"open","ping_status":"","sticky":false,"template":"","format":"standard","meta":{"footnotes":""},"categories":[6],"tags":[],"class_list":["post-15738","post","type-post","status-publish","format-standard","hentry","category-evenements","count-0","even alt","author-claude-arnaud","last"],"post_mailing_queue_ids":[],"_links":{"self":[{"href":"https:\/\/www.claude-arnaud.com\/fr\/wp-json\/wp\/v2\/posts\/15738","targetHints":{"allow":["GET"]}}],"collection":[{"href":"https:\/\/www.claude-arnaud.com\/fr\/wp-json\/wp\/v2\/posts"}],"about":[{"href":"https:\/\/www.claude-arnaud.com\/fr\/wp-json\/wp\/v2\/types\/post"}],"author":[{"embeddable":true,"href":"https:\/\/www.claude-arnaud.com\/fr\/wp-json\/wp\/v2\/users\/2"}],"replies":[{"embeddable":true,"href":"https:\/\/www.claude-arnaud.com\/fr\/wp-json\/wp\/v2\/comments?post=15738"}],"version-history":[{"count":3,"href":"https:\/\/www.claude-arnaud.com\/fr\/wp-json\/wp\/v2\/posts\/15738\/revisions"}],"predecessor-version":[{"id":15755,"href":"https:\/\/www.claude-arnaud.com\/fr\/wp-json\/wp\/v2\/posts\/15738\/revisions\/15755"}],"wp:attachment":[{"href":"https:\/\/www.claude-arnaud.com\/fr\/wp-json\/wp\/v2\/media?parent=15738"}],"wp:term":[{"taxonomy":"category","embeddable":true,"href":"https:\/\/www.claude-arnaud.com\/fr\/wp-json\/wp\/v2\/categories?post=15738"},{"taxonomy":"post_tag","embeddable":true,"href":"https:\/\/www.claude-arnaud.com\/fr\/wp-json\/wp\/v2\/tags?post=15738"}],"curies":[{"name":"wp","href":"https:\/\/api.w.org\/{rel}","templated":true}]}}